{"id":3490,"date":"2025-09-04T11:29:39","date_gmt":"2025-09-04T08:29:39","guid":{"rendered":"https:\/\/eelim.fi\/?p=3490"},"modified":"2025-09-04T11:29:39","modified_gmt":"2025-09-04T08:29:39","slug":"tarkeinta-on-paasta-perille","status":"publish","type":"post","link":"https:\/\/eelim.fi\/index.php\/2025\/09\/04\/tarkeinta-on-paasta-perille\/","title":{"rendered":"T\u00e4rkeint\u00e4 on p\u00e4\u00e4st\u00e4 perille"},"content":{"rendered":"<p style=\"font-weight: 400;\">Syksy tekee tuloaan ja on aika palata arkeen. Kes\u00e4n aikana moni on varmaan matkustanut, kuka l\u00e4hemm\u00e4s, kuka kauemmas. Toiset ovat lent\u00e4neet, toiset liikkuneet autolla tai muulla kulkuv\u00e4lineelle. Harva matkustaessa nauttii itse matkasta kovin paljon, yleens\u00e4 t\u00e4rke\u00e4mp\u00e4\u00e4 on p\u00e4\u00e4st\u00e4 p\u00e4\u00e4m\u00e4\u00e4r\u00e4\u00e4n, mik\u00e4 se sitten kullakin on. Toki itse matkasta kannattaa koittaa nauttia, ettei siit\u00e4 tulisi liian ik\u00e4v\u00e4\u00e4 kokemusta.<\/p>\n<p style=\"font-weight: 400;\">Koko el\u00e4m\u00e4\u00e4 voisi my\u00f6s verrata matkaan. T\u00e4m\u00e4 el\u00e4m\u00e4 t\u00e4\u00e4ll\u00e4 maapallolla on vain muutamien vuosikymmenten, joillakin v\u00e4h\u00e4n reilun sadan vuoden mittainen matka. Sen j\u00e4lkeen koittaa iankaikkisuus. Sen pituutta ei voi edes verrata siihen mit\u00e4 t\u00e4\u00e4ll\u00e4 el\u00e4mme. T\u00e4m\u00e4 el\u00e4m\u00e4 on matka kohti iankaikkisuutta, se on se lopullinen p\u00e4\u00e4m\u00e4\u00e4r\u00e4. Sen tosin voi viett\u00e4\u00e4 kahdessa eri paikassa ja t\u00e4m\u00e4 el\u00e4m\u00e4ksi kutsuttu matka m\u00e4\u00e4ritt\u00e4\u00e4 sen mihin p\u00e4\u00e4dymme.<\/p>\n<p style=\"font-weight: 400;\">Mik\u00e4 on sinun m\u00e4\u00e4r\u00e4np\u00e4\u00e4si? Se on kysymys, jota kannattaa pohtia. Sen lis\u00e4ksi kannattaa nauttia itse matkasta, vaikka se ei aina niin mukavaa olekaan. Jumala haluaa olla mukana meid\u00e4n el\u00e4m\u00e4ss\u00e4mme, niin matkan aikana, kuin lopullisessa p\u00e4\u00e4m\u00e4\u00e4r\u00e4ss\u00e4 eli taivaassa meit\u00e4 vastaanottamassa. Siksi h\u00e4n l\u00e4hetti Jeesuksen t\u00e4nne maailmaan, olemaan meille tie, totuus ja el\u00e4m\u00e4. Ei ole lopultakaan niin v\u00e4li\u00e4, miten matkasi teet, jos vain kuljet oikeaa tiet\u00e4. Itse sain vastata my\u00f6nt\u00e4v\u00e4sti Jumalan kutsuun kulkea t\u00e4t\u00e4 Jeesuksen viitoittamaa tiet\u00e4 16 vuotta sitten, enk\u00e4 ole sit\u00e4 valintaa katunut, joten uskallan sit\u00e4 suositella my\u00f6s muille.<\/p>\n","protected":false},"excerpt":{"rendered":"<p>Syksy tekee tuloaan ja on aika palata arkeen. Kes\u00e4n aikana moni on varmaan matkustanut, kuka l\u00e4hemm\u00e4s, kuka kauemmas. Toiset ovat lent\u00e4neet, toiset liikkuneet autolla tai muulla kulkuv\u00e4lineelle. Harva matkustaessa nauttii &hellip; <\/p>\n<p class=\"link-more\"><a href=\"https:\/\/eelim.fi\/index.php\/2025\/09\/04\/tarkeinta-on-paasta-perille\/\" class=\"more-link\">Jatka lukemista<span class=\"screen-reader-text\"> &#8221;T\u00e4rkeint\u00e4 on p\u00e4\u00e4st\u00e4 perille&#8221;<\/span><\/a><\/p>\n","protected":false},"author":10,"featured_media":0,"comment_status":"closed","ping_status":"open","sticky":false,"template":"","format":"standard","meta":{"_monsterinsights_skip_tracking":false,"_monsterinsights_sitenote_active":false,"_monsterinsights_sitenote_note":"","_monsterinsights_sitenote_category":0,"footnotes":""},"categories":[1],"tags":[],"class_list":["post-3490","post","type-post","status-publish","format-standard","hentry","category-yleinen"],"yoast_head":"<!-- This site is optimized with the Yoast SEO plugin v25.9 - https:\/\/yoast.com\/wordpress\/plugins\/seo\/ -->\n<title>T\u00e4rkeint\u00e4 on p\u00e4\u00e4st\u00e4 perille - Eelim<\/title>\n<meta name=\"robots\" content=\"index, follow, max-snippet:-1, max-image-preview:large, max-video-preview:-1\" \/>\n<link rel=\"canonical\" href=\"https:\/\/eelim.fi\/index.php\/2025\/09\/04\/tarkeinta-on-paasta-perille\/\" \/>\n<meta property=\"og:locale\" content=\"fi_FI\" \/>\n<meta property=\"og:type\" content=\"article\" \/>\n<meta property=\"og:title\" content=\"T\u00e4rkeint\u00e4 on p\u00e4\u00e4st\u00e4 perille - Eelim\" \/>\n<meta property=\"og:description\" content=\"Syksy tekee tuloaan ja on aika palata arkeen. Kes\u00e4n aikana moni on varmaan matkustanut, kuka l\u00e4hemm\u00e4s, kuka kauemmas. Toiset ovat lent\u00e4neet, toiset liikkuneet autolla tai muulla kulkuv\u00e4lineelle. Harva matkustaessa nauttii &hellip; Jatka lukemista &quot;T\u00e4rkeint\u00e4 on p\u00e4\u00e4st\u00e4 perille&quot;\" \/>\n<meta property=\"og:url\" content=\"https:\/\/eelim.fi\/index.php\/2025\/09\/04\/tarkeinta-on-paasta-perille\/\" \/>\n<meta property=\"og:site_name\" content=\"Eelim\" \/>\n<meta property=\"article:published_time\" content=\"2025-09-04T08:29:39+00:00\" \/>\n<meta name=\"author\" content=\"Teemu Turunen\" \/>\n<meta name=\"twitter:card\" content=\"summary_large_image\" \/>\n<meta name=\"twitter:label1\" content=\"Kirjoittanut\" \/>\n\t<meta name=\"twitter:data1\" content=\"Teemu Turunen\" \/>\n\t<meta name=\"twitter:label2\" content=\"Arvioitu lukuaika\" \/>\n\t<meta name=\"twitter:data2\" content=\"1 minuutti\" \/>\n<script type=\"application\/ld+json\" class=\"yoast-schema-graph\">{\"@context\":\"https:\/\/schema.org\",\"@graph\":[{\"@type\":\"WebPage\",\"@id\":\"https:\/\/eelim.fi\/index.php\/2025\/09\/04\/tarkeinta-on-paasta-perille\/\",\"url\":\"https:\/\/eelim.fi\/index.php\/2025\/09\/04\/tarkeinta-on-paasta-perille\/\",\"name\":\"T\u00e4rkeint\u00e4 on p\u00e4\u00e4st\u00e4 perille - Eelim\",\"isPartOf\":{\"@id\":\"https:\/\/eelim.fi\/#website\"},\"datePublished\":\"2025-09-04T08:29:39+00:00\",\"author\":{\"@id\":\"https:\/\/eelim.fi\/#\/schema\/person\/2909883e3c987be58a0fe88bfd303712\"},\"breadcrumb\":{\"@id\":\"https:\/\/eelim.fi\/index.php\/2025\/09\/04\/tarkeinta-on-paasta-perille\/#breadcrumb\"},\"inLanguage\":\"fi\",\"potentialAction\":[{\"@type\":\"ReadAction\",\"target\":[\"https:\/\/eelim.fi\/index.php\/2025\/09\/04\/tarkeinta-on-paasta-perille\/\"]}]},{\"@type\":\"BreadcrumbList\",\"@id\":\"https:\/\/eelim.fi\/index.php\/2025\/09\/04\/tarkeinta-on-paasta-perille\/#breadcrumb\",\"itemListElement\":[{\"@type\":\"ListItem\",\"position\":1,\"name\":\"Home\",\"item\":\"https:\/\/eelim.fi\/\"},{\"@type\":\"ListItem\",\"position\":2,\"name\":\"T\u00e4rkeint\u00e4 on p\u00e4\u00e4st\u00e4 perille\"}]},{\"@type\":\"WebSite\",\"@id\":\"https:\/\/eelim.fi\/#website\",\"url\":\"https:\/\/eelim.fi\/\",\"name\":\"Eelim\",\"description\":\"Kangasniemen helluntaiseurakunta\",\"potentialAction\":[{\"@type\":\"SearchAction\",\"target\":{\"@type\":\"EntryPoint\",\"urlTemplate\":\"https:\/\/eelim.fi\/?s={search_term_string}\"},\"query-input\":{\"@type\":\"PropertyValueSpecification\",\"valueRequired\":true,\"valueName\":\"search_term_string\"}}],\"inLanguage\":\"fi\"},{\"@type\":\"Person\",\"@id\":\"https:\/\/eelim.fi\/#\/schema\/person\/2909883e3c987be58a0fe88bfd303712\",\"name\":\"Teemu Turunen\",\"image\":{\"@type\":\"ImageObject\",\"inLanguage\":\"fi\",\"@id\":\"https:\/\/eelim.fi\/#\/schema\/person\/image\/\",\"url\":\"https:\/\/secure.gravatar.com\/avatar\/0df996005cdbe2739b5ef6678123d0cfacf74f390901e58dbbb64952219f6fe0?s=96&d=mm&r=g\",\"contentUrl\":\"https:\/\/secure.gravatar.com\/avatar\/0df996005cdbe2739b5ef6678123d0cfacf74f390901e58dbbb64952219f6fe0?s=96&d=mm&r=g\",\"caption\":\"Teemu Turunen\"},\"url\":\"https:\/\/eelim.fi\/index.php\/author\/teemuturunen\/\"}]}<\/script>\n<!-- \/ Yoast SEO plugin. -->","yoast_head_json":{"title":"T\u00e4rkeint\u00e4 on p\u00e4\u00e4st\u00e4 perille - Eelim","robots":{"index":"index","follow":"follow","max-snippet":"max-snippet:-1","max-image-preview":"max-image-preview:large","max-video-preview":"max-video-preview:-1"},"canonical":"https:\/\/eelim.fi\/index.php\/2025\/09\/04\/tarkeinta-on-paasta-perille\/","og_locale":"fi_FI","og_type":"article","og_title":"T\u00e4rkeint\u00e4 on p\u00e4\u00e4st\u00e4 perille - Eelim","og_description":"Syksy tekee tuloaan ja on aika palata arkeen. Kes\u00e4n aikana moni on varmaan matkustanut, kuka l\u00e4hemm\u00e4s, kuka kauemmas. Toiset ovat lent\u00e4neet, toiset liikkuneet autolla tai muulla kulkuv\u00e4lineelle. Harva matkustaessa nauttii &hellip; Jatka lukemista \"T\u00e4rkeint\u00e4 on p\u00e4\u00e4st\u00e4 perille\"","og_url":"https:\/\/eelim.fi\/index.php\/2025\/09\/04\/tarkeinta-on-paasta-perille\/","og_site_name":"Eelim","article_published_time":"2025-09-04T08:29:39+00:00","author":"Teemu Turunen","twitter_card":"summary_large_image","twitter_misc":{"Kirjoittanut":"Teemu Turunen","Arvioitu lukuaika":"1 minuutti"},"schema":{"@context":"https:\/\/schema.org","@graph":[{"@type":"WebPage","@id":"https:\/\/eelim.fi\/index.php\/2025\/09\/04\/tarkeinta-on-paasta-perille\/","url":"https:\/\/eelim.fi\/index.php\/2025\/09\/04\/tarkeinta-on-paasta-perille\/","name":"T\u00e4rkeint\u00e4 on p\u00e4\u00e4st\u00e4 perille - Eelim","isPartOf":{"@id":"https:\/\/eelim.fi\/#website"},"datePublished":"2025-09-04T08:29:39+00:00","author":{"@id":"https:\/\/eelim.fi\/#\/schema\/person\/2909883e3c987be58a0fe88bfd303712"},"breadcrumb":{"@id":"https:\/\/eelim.fi\/index.php\/2025\/09\/04\/tarkeinta-on-paasta-perille\/#breadcrumb"},"inLanguage":"fi","potentialAction":[{"@type":"ReadAction","target":["https:\/\/eelim.fi\/index.php\/2025\/09\/04\/tarkeinta-on-paasta-perille\/"]}]},{"@type":"BreadcrumbList","@id":"https:\/\/eelim.fi\/index.php\/2025\/09\/04\/tarkeinta-on-paasta-perille\/#breadcrumb","itemListElement":[{"@type":"ListItem","position":1,"name":"Home","item":"https:\/\/eelim.fi\/"},{"@type":"ListItem","position":2,"name":"T\u00e4rkeint\u00e4 on p\u00e4\u00e4st\u00e4 perille"}]},{"@type":"WebSite","@id":"https:\/\/eelim.fi\/#website","url":"https:\/\/eelim.fi\/","name":"Eelim","description":"Kangasniemen helluntaiseurakunta","potentialAction":[{"@type":"SearchAction","target":{"@type":"EntryPoint","urlTemplate":"https:\/\/eelim.fi\/?s={search_term_string}"},"query-input":{"@type":"PropertyValueSpecification","valueRequired":true,"valueName":"search_term_string"}}],"inLanguage":"fi"},{"@type":"Person","@id":"https:\/\/eelim.fi\/#\/schema\/person\/2909883e3c987be58a0fe88bfd303712","name":"Teemu Turunen","image":{"@type":"ImageObject","inLanguage":"fi","@id":"https:\/\/eelim.fi\/#\/schema\/person\/image\/","url":"https:\/\/secure.gravatar.com\/avatar\/0df996005cdbe2739b5ef6678123d0cfacf74f390901e58dbbb64952219f6fe0?s=96&d=mm&r=g","contentUrl":"https:\/\/secure.gravatar.com\/avatar\/0df996005cdbe2739b5ef6678123d0cfacf74f390901e58dbbb64952219f6fe0?s=96&d=mm&r=g","caption":"Teemu Turunen"},"url":"https:\/\/eelim.fi\/index.php\/author\/teemuturunen\/"}]}},"_links":{"self":[{"href":"https:\/\/eelim.fi\/index.php\/wp-json\/wp\/v2\/posts\/3490","targetHints":{"allow":["GET"]}}],"collection":[{"href":"https:\/\/eelim.fi\/index.php\/wp-json\/wp\/v2\/posts"}],"about":[{"href":"https:\/\/eelim.fi\/index.php\/wp-json\/wp\/v2\/types\/post"}],"author":[{"embeddable":true,"href":"https:\/\/eelim.fi\/index.php\/wp-json\/wp\/v2\/users\/10"}],"replies":[{"embeddable":true,"href":"https:\/\/eelim.fi\/index.php\/wp-json\/wp\/v2\/comments?post=3490"}],"version-history":[{"count":1,"href":"https:\/\/eelim.fi\/index.php\/wp-json\/wp\/v2\/posts\/3490\/revisions"}],"predecessor-version":[{"id":3491,"href":"https:\/\/eelim.fi\/index.php\/wp-json\/wp\/v2\/posts\/3490\/revisions\/3491"}],"wp:attachment":[{"href":"https:\/\/eelim.fi\/index.php\/wp-json\/wp\/v2\/media?parent=3490"}],"wp:term":[{"taxonomy":"category","embeddable":true,"href":"https:\/\/eelim.fi\/index.php\/wp-json\/wp\/v2\/categories?post=3490"},{"taxonomy":"post_tag","embeddable":true,"href":"https:\/\/eelim.fi\/index.php\/wp-json\/wp\/v2\/tags?post=3490"}],"curies":[{"name":"wp","href":"https:\/\/api.w.org\/{rel}","templated":true}]}}