{"id":3483,"date":"2025-08-10T14:38:36","date_gmt":"2025-08-10T11:38:36","guid":{"rendered":"https:\/\/eelim.fi\/?p=3483"},"modified":"2025-08-10T21:29:21","modified_gmt":"2025-08-10T18:29:21","slug":"on-lahdettava-liikkeelle","status":"publish","type":"post","link":"https:\/\/eelim.fi\/index.php\/2025\/08\/10\/on-lahdettava-liikkeelle\/","title":{"rendered":"On l\u00e4hdett\u00e4v\u00e4 liikkeelle"},"content":{"rendered":"<p style=\"font-weight: 400;\">Kaksi vuotta sitten tulin t\u00e4nne Kangasniemelle pit\u00e4m\u00e4\u00e4n vaalisaarnan. Min\u00e4 en silloin kovin paljon tiennyt t\u00e4m\u00e4n seurakunnan tilanteesta. Etsin kuitenkin Jumalan johdatusta sit\u00e4 saarnaa valmistellessa ja n\u00e4in j\u00e4lkeenp\u00e4in arvioiden sen sanoma osui aika hyvin kohdalleen. Muutosta tarvitaan ja pienen askelin niit\u00e4 askelia oikeaan suuntaan on alettu ottamaan jo useamman vuoden ajan. Me on jopa saatu paperille niit\u00e4 tarvittavia muutoksia (seurakunnan n\u00e4ky: armollinen ja turvallinen perhe) ja niit\u00e4 kohti aletaan v\u00e4hitellen menn\u00e4. Nyt olemme vain tilanteessa, ett\u00e4 se mit\u00e4 on t\u00e4h\u00e4n asti tehty ei riit\u00e4. My\u00f6sk\u00e4\u00e4n se vauhti mill\u00e4 niit\u00e4 muutoksia on tehty ei en\u00e4\u00e4 riit\u00e4. Miksi?<\/p>\n<p style=\"font-weight: 400;\">Jo nyt meill\u00e4 on suuria vaikeuksia l\u00f6yt\u00e4\u00e4 riitt\u00e4v\u00e4sti vapaaehtoisia eri teht\u00e4viin. L\u00e4hetystori on pakotettu olemaan auki vain viiten\u00e4 p\u00e4iv\u00e4n\u00e4 viikossa. L\u00e4hetysiltoja on vaikea saada j\u00e4rjestym\u00e4\u00e4n edes joka toinen viikko. Kidsiin, Bunkkeriin ja Pismin leirille tekij\u00e4t tulevat paljolti muista seurakunnista. Seurakunta on k\u00e4ynyt i\u00e4kk\u00e4\u00e4ksi, harva en\u00e4\u00e4 pystyy toimimaan vapaaehtoisena. Moni on osansa jo tehnyt ja he saavat syyst\u00e4kin lev\u00e4t\u00e4.<\/p>\n<p style=\"font-weight: 400;\">Seurakunnasta on t\u00e4m\u00e4n vuoden aikana kuollut ja muuttanut pois niin monta j\u00e4sent\u00e4, ett\u00e4 jos sama tahti jatkuu ei mene kauan ennen kuin viimeinen sammuttaa valot. Tarkalleen ottaen 6 vuotta! No tuskin t\u00e4m\u00e4 ihan samalla tavalla jatkuu, mutta odotettavissa on joka tapauksessa seurakunnan j\u00e4senm\u00e4\u00e4r\u00e4n nopea v\u00e4heneminen l\u00e4hivuosina, jos mit\u00e4\u00e4n ei tapahdu.<\/p>\n<p style=\"font-weight: 400;\">T\u00e4m\u00e4n tilanteen on pakko her\u00e4tt\u00e4\u00e4 seurakunta ja nyt on aika toimia, ennen kuin se on liian my\u00f6h\u00e4ist\u00e4! Tilanne ei kuitenkaan ole toivoton. My\u00f6s Raamatussa oli monia sellaisia tilanteista, sek\u00e4 Israelin kansalla, ett\u00e4 alkuseurakunnalla, jossa olosuhteet pakottivat nopeaan muutokseen, joka johti hyv\u00e4\u00e4n lopputulokseen.<\/p>\n<p style=\"font-weight: 400;\">&#8217; Faraon l\u00e4hestyess\u00e4 israelilaiset nostivat katseensa ja n\u00e4kiv\u00e4t, ett\u00e4 egyptil\u00e4iset olivat tulossa heid\u00e4n j\u00e4ljess\u00e4\u00e4n. Silloin israelilaiset pel\u00e4styiv\u00e4t pahoin ja huusivat Herraa. He sanoivat Moosekselle: \u201dEik\u00f6 Egyptiss\u00e4 ollut hautoja, kun toit meid\u00e4t t\u00e4nne autiomaahan kuolemaan? Mit\u00e4 teitk\u00e4\u00e4n meille, kun veit meid\u00e4t pois Egyptist\u00e4! Emmek\u00f6 puhuneet sinulle t\u00e4st\u00e4 Egyptiss\u00e4? Meh\u00e4n sanoimme: \u2019J\u00e4t\u00e4 meid\u00e4t rauhaan, niin ett\u00e4 saamme palvella egyptil\u00e4isi\u00e4!\u2019 Olisihan meid\u00e4n ollut parempi palvella egyptil\u00e4isi\u00e4 kuin kuolla autiomaassa.\u201d Mooses vastasi kansalle: \u201d\u00c4lk\u00e4\u00e4 pel\u00e4tk\u00f6. Pysyk\u00e4\u00e4 aloillanne, niin n\u00e4ette pelastuksen, jonka Herra antaa teille t\u00e4n\u00e4 p\u00e4iv\u00e4n\u00e4. Sellaista, mit\u00e4 n\u00e4ette t\u00e4n\u00e4\u00e4n tapahtuvan egyptil\u00e4isille, ette en\u00e4\u00e4 koskaan tule n\u00e4kem\u00e4\u00e4n. Herra sotii teid\u00e4n puolestanne, olkaa te hiljaa.\u201d Herra sanoi Moosekselle: \u201dMiksi huudat minua avuksi? Sano israelilaisille, ett\u00e4 heid\u00e4n on l\u00e4hdett\u00e4v\u00e4 liikkeelle. Mutta nosta sin\u00e4 sauvasi, ojenna k\u00e4tesi meren ylle ja jaa meri kahtia, niin ett\u00e4 israelilaiset voivat menn\u00e4 meren poikki kuivaa maata pitkin. &#8217; -2. Mooseksen kirja 14:10-16<\/p>\n<h1>Ensimm\u00e4inen asia: On l\u00e4hdett\u00e4v\u00e4 liikkeelle<\/h1>\n<p style=\"font-weight: 400;\">Kun on vaikea tilanne, niin pit\u00e4\u00e4 rukoilla. Niin Israelilaiset ja Mooses tekiv\u00e4tkin. Jumalan vastauksesta k\u00e4y ilmi, ett\u00e4 nyt ei kuitenkaan ollut aika vain j\u00e4\u00e4d\u00e4 rukoilemaan, vaan oli toiminnan aika, oli l\u00e4hdett\u00e4v\u00e4 liikkeelle. Jumala tulisi tekem\u00e4\u00e4n jotain sellaista, mit\u00e4 kukaan ei osannut ajatella. T\u00e4ll\u00e4 kertaa Jumala avasi reitin mereen, niin ett\u00e4 Israelin kansa p\u00e4\u00e4si toiselle puolelle ja kun egyptil\u00e4iset yrittiv\u00e4t samaa, he hukkuivat. N\u00e4in Jumala antoi avun Israelin kansalle, mutta heid\u00e4n tuli tehd\u00e4 oma osansa, l\u00e4hte\u00e4 liikkeelle. Meid\u00e4nkin on syyt\u00e4 l\u00e4hte\u00e4 liikkeelle, mutta mit\u00e4 sill\u00e4 oikeastaan tarkoitetaan? Katsotaan Uuden Testamentin puolelta alkuseurakunnan el\u00e4m\u00e4\u00e4, joka vastaa meille t\u00e4h\u00e4n kysymykseen ja tuo sen my\u00f6s l\u00e4hemm\u00e4ksi meid\u00e4n tilannettamme.<\/p>\n<p style=\"font-weight: 400;\">&#8217;My\u00f6s Saulus hyv\u00e4ksyi Stefanoksen surmaamisen. Sin\u00e4 p\u00e4iv\u00e4n\u00e4 puhkesi suuri vaino Jerusalemin seurakuntaa vastaan, ja apostoleja lukuun ottamatta kaikki hajaantuivat pitkin Juudean ja Samarian paikkakuntia. Muutamat jumalaapelk\u00e4\u00e4v\u00e4t miehet hautasivat Stefanoksen ja pitiv\u00e4t h\u00e4nelle suuret valittajaiset. Mutta Saulus raateli seurakuntaa, kulki talosta taloon, raastoi ulos miehi\u00e4 ja naisia ja toimitti heid\u00e4t vankilaan. Ne, jotka n\u00e4in olivat hajaantuneet, kulkivat paikasta toiseen ja julistivat evankeliumin sanaa. Filippos meni Samarian kaupunkiin ja saarnasi kansalle Kristusta. Ihmiset ottivat yksimielisesti vastaan sen, mit\u00e4 Filippos puhui, kun he kuuntelivat h\u00e4nt\u00e4 ja n\u00e4kiv\u00e4t tunnusteot, jotka h\u00e4n teki. Sill\u00e4 monista, joissa oli saastaisia henki\u00e4, ne l\u00e4htiv\u00e4t ulos huutaen kovalla \u00e4\u00e4nell\u00e4, ja moni halvaantunut ja rampa parani. Tuossa kaupungissa syntyi suuri ilo. &#8217; -Apostolien teot 8:1-8<\/p>\n<h1>Toinen asia: Liikkeelle l\u00e4ht\u00f6 tarkoittaa toimintatavan muutosta<\/h1>\n<p style=\"font-weight: 400;\">Alkuseurakunta oli toiminut t\u00e4h\u00e4n asti l\u00e4hinn\u00e4 Jerusalemissa ja ainoastaan juutalaisten parissa. Jeesus antoikin aluksi teht\u00e4v\u00e4n toimia juutalaisten parissa ja l\u00e4hinn\u00e4 Israelin kansan asuttamalla alueella. Mutta l\u00e4hetysk\u00e4skyss\u00e4\u00e4n h\u00e4n laajensi teht\u00e4v\u00e4n maailmanlaajuiseksi, koskemaan kaikkia kansoja. Eli teht\u00e4v\u00e4n sek\u00e4 kohderyhm\u00e4 (juutalaiset-&gt;kaikki kansat), ett\u00e4 maantieteellinen alue (Jerusalem-&gt;koko maailma) laajenivat. Alkuseurakunta ei ollut kuitenkaan kovin halukas tarttumaan t\u00e4h\u00e4n teht\u00e4v\u00e4\u00e4n. Heist\u00e4 oli ilmeisesti mukavampi toimia vain Jerusalemissa ja vain juutalaisten keskuudessa. Nyt tapahtui kuitenkin jotain sellaista, joka pakotti heid\u00e4t muuttamaan toimintaansa. Stefanos surmatiin ensimm\u00e4isen\u00e4 henkil\u00f6 uskon t\u00e4hden Jeesukseen ja sen my\u00f6st\u00e4 Jerusalemissa alkoi vaino. Jeesus oli sanonut, ett\u00e4 jos teit\u00e4 vainotaan yhdess\u00e4 kaupungissa, niin paetkaa toiseen ja niin opetuslapset tekiv\u00e4t apostoleita lukuun ottamatta. Kaikki muut hajaantuivat ymp\u00e4rist\u00f6\u00f6n. Mutta huomionarvoista oli, ett\u00e4 he eiv\u00e4t etsineet vain omaa mukavuutta ja turvallisuutta, vaan kertoivat evankeliumia siell\u00e4 miss\u00e4 kulkivat. N\u00e4in evankeliumi sai lis\u00e4\u00e4 maantieteellist\u00e4 kattavuutta. Kuitenkin huomion keskipisteen\u00e4 olivat edelleen juutalaiset. Pakanoita ei tavoitettu. Seuraava tilanne saa muuttumaan t\u00e4m\u00e4n.<\/p>\n<p style=\"font-weight: 400;\">&#8217;Kesareassa oli mies nimelt\u00e4\u00e4n Kornelius, sadanp\u00e4\u00e4llikk\u00f6 niin sanotussa italialaisessa joukko-osastossa. H\u00e4n oli hurskas ja jumalaapelk\u00e4\u00e4v\u00e4 kuten koko h\u00e4nen perhekuntansakin. H\u00e4n antoi paljon almuja kansalle ja rukoili alati Jumalaa. P\u00e4iv\u00e4n yhdeks\u00e4nnen tunnin vaiheilla h\u00e4n n\u00e4ki n\u00e4yss\u00e4 selv\u00e4sti Jumalan enkelin, joka tuli h\u00e4nen luokseen ja sanoi h\u00e4nelle: \u201dKornelius!\u201d Kornelius tuijotti enkeli\u00e4 ja kysyi pel\u00e4styneen\u00e4: \u201dMit\u00e4 nyt, herra?\u201d Enkeli sanoi h\u00e4nelle: \u201dSinun rukouksesi ja almusi ovat nousseet Jumalan eteen, ja h\u00e4n muistaa ne. L\u00e4het\u00e4 nyt miehi\u00e4 Joppeen noutamaan Simon, jota kutsutaan my\u00f6s Pietariksi. &#8217; -Apostolien teot 10:1-5<\/p>\n<p style=\"font-weight: 400;\">&#8217;Seuraavana p\u00e4iv\u00e4n\u00e4, kun he olivat matkalla ja l\u00e4hestyiv\u00e4t kaupunkia, Pietari nousi kuudennen tunnin vaiheilla katolle rukoilemaan. H\u00e4nen tuli n\u00e4lk\u00e4, ja h\u00e4n halusi ruokaa, mutta sit\u00e4 valmistettaessa h\u00e4n joutui hurmoksiin. H\u00e4n n\u00e4ki taivaan avoinna ja astian, joka laskeutui alas. Se oli kuin suuri liinavaate, joka nelj\u00e4st\u00e4 kulmastaan sidottuna laskettiin maahan. Siin\u00e4 oli kaikenlaisia maan nelijalkaisia ja matelijoita ja taivaan lintuja. Samassa kuului \u00e4\u00e4ni, joka sanoi h\u00e4nelle: \u201dNouse, Pietari, teurasta ja sy\u00f6!\u201d Pietari vastasi: \u201dEn suinkaan, Herra! En ole koskaan sy\u00f6nyt mit\u00e4\u00e4n ep\u00e4puhdasta enk\u00e4 saastaista.\u201d \u00c4\u00e4ni puhui h\u00e4nelle toisen kerran: \u201dMink\u00e4 Jumala on puhdistanut, sit\u00e4 \u00e4l\u00e4 sin\u00e4 sano ep\u00e4puhtaaksi.\u201d &#8217; -Apostolien teot 10:9-15<\/p>\n<p style=\"font-weight: 400;\">&#8217; Pietarin yh\u00e4 miettiess\u00e4 tuota n\u00e4ky\u00e4 Henki sanoi h\u00e4nelle: \u201dKolme miest\u00e4 etsii sinua. Nouse, mene alas ja l\u00e4hde ep\u00e4r\u00f6im\u00e4tt\u00e4 heid\u00e4n kanssaan, sill\u00e4 min\u00e4 olen l\u00e4hett\u00e4nyt heid\u00e4t.\u201d &#8217; -Apostolien teot 10:19-20<\/p>\n<p style=\"font-weight: 400;\">&#8217;Keskustellen Korneliuksen kanssa h\u00e4n meni sis\u00e4\u00e4n ja tapasi monta koolla. H\u00e4n sanoi heille: \u201dTe tied\u00e4tte, ett\u00e4 juutalaisen miehen on lainvastaista seurustella vierasheimoisen kanssa tai menn\u00e4 h\u00e4nen luokseen. Jumala on kuitenkin osoittanut minulle, etten saa sanoa ket\u00e4\u00e4n ihmist\u00e4 ep\u00e4pyh\u00e4ksi tai saastaiseksi. &#8217; -Apostolien teot 10:27-28<\/p>\n<p style=\"font-weight: 400;\">&#8217;Pietari alkoi puhua ja sanoi: \u201dNyt min\u00e4 todella k\u00e4sit\u00e4n, ettei Jumala katso henkil\u00f6\u00f6n vaan ett\u00e4 jokaisessa kansassa se, joka pelk\u00e4\u00e4 h\u00e4nt\u00e4 ja tekee sit\u00e4, mik\u00e4 on oikein, on h\u00e4nelle mieleinen. &#8217; -Apostolien teot 10:34-35<\/p>\n<p style=\"font-weight: 400;\">Pietarin ei ollut helppo menn\u00e4 pakanan kotiin. Se oli h\u00e4nell\u00e4 Mooseksen k\u00e4skyiss\u00e4 kielletty, ja sen mukaan h\u00e4n oli toiminut koko el\u00e4m\u00e4ns\u00e4. Jumala kuitenkin n\u00e4ytti h\u00e4nelle, ett\u00e4 nyt oli uudenlaisen toimintatavan aika. Oli aika menn\u00e4 pakanoiden luokse ja jopa sy\u00f6d\u00e4 heid\u00e4n kanssaan, jotta he voisivat kuulla ja vastaanottaa evankeliumin. Sitten Pietari kertoo evankeliumin Korneliuksen perhekunnalle ja p\u00e4\u00e4tt\u00e4\u00e4 puheensa n\u00e4ihin sanoihin.<\/p>\n<p style=\"font-weight: 400;\">&#8217;H\u00e4nest\u00e4 kaikki profeetat todistavat, ett\u00e4 jokainen, joka uskoo h\u00e4neen, saa synnit anteeksi h\u00e4nen nimens\u00e4 kautta.\u201d Kun Pietari viel\u00e4 t\u00e4t\u00e4 puhui, tuli Pyh\u00e4 Henki kaikkien p\u00e4\u00e4lle, jotka olivat sanaa kuulemassa. Kaikki ne uskovat, jotka olivat ymp\u00e4rileikattuja ja olivat tulleet Pietarin mukana, h\u00e4mm\u00e4styiv\u00e4t sit\u00e4, ett\u00e4 Pyh\u00e4n Hengen lahja vuodatettiin my\u00f6s pakanoiden p\u00e4\u00e4lle, sill\u00e4 he kuulivat heid\u00e4n puhuvan kielill\u00e4 ja ylist\u00e4v\u00e4n Jumalaa. Silloin Pietari sanoi: \u201dEi kai kukaan voi kielt\u00e4\u00e4 kastamasta vedell\u00e4 n\u00e4it\u00e4, jotka ovat saaneet Pyh\u00e4n Hengen niin kuin mekin?\u201d Ja h\u00e4n k\u00e4ski kastaa heid\u00e4t Jeesuksen Kristuksen nimess\u00e4. Sitten he pyysiv\u00e4t h\u00e4nt\u00e4 viipym\u00e4\u00e4n siell\u00e4 muutamia p\u00e4ivi\u00e4. &#8217; -Apostolien teot 10:43-48<\/p>\n<p style=\"font-weight: 400;\">N\u00e4in evankeliumi alkoi levit\u00e4 my\u00f6s pakanoiden pariin. My\u00f6hemmin Jumala kutsui Paavalin pakanoiden apostoliksi, joka osaltaan tarttui t\u00e4h\u00e4n teht\u00e4v\u00e4\u00e4n vieden evankeliumin yh\u00e4 uusille kansoille ja aluille. Kaikki eiv\u00e4t kuitenkaan pit\u00e4neet t\u00e4st\u00e4 pakanoiden tavoittamisesta. Pietari joutuu vaikeuksiin palattuaan Jerusalemiin.<\/p>\n<p style=\"font-weight: 400;\">&#8217;Apostolit ja eri puolilla Juudeaa olevat veljet kuulivat, ett\u00e4 pakanatkin olivat ottaneet vastaan Jumalan sanan. Kun Pietari sitten tuli Jerusalemiin, ymp\u00e4rileikatut kiisteliv\u00e4t h\u00e4nen kanssaan ja sanoivat: \u201dSin\u00e4 olet k\u00e4ynyt ymp\u00e4rileikkaamattomien miesten luona ja sy\u00f6nyt heid\u00e4n kanssaan.\u201d Silloin Pietari selvitti heille kaiken alusta alkaen ja sanoi: &#8217; -Apostolien teot 11:1-4<\/p>\n<p style=\"font-weight: 400;\">Pietari joutui selvitt\u00e4m\u00e4\u00e4n muille omaa toimintaansa. Ja vaikka osittain tilanne rauhoittui tietty j\u00e4nnite j\u00e4i seurakunnan sis\u00e4lle, johon seurakunta joutui palamaan my\u00f6hemmin Jerusalemin kokouksessa. Mutta ajatelkaapa jos Pietari tai Paavali eiv\u00e4t olisi kuunnelleet Hengen johdatusta ja l\u00e4hteneet viem\u00e4\u00e4n evankeliumia pakonoille, mit\u00e4 siit\u00e4 olisi seurannut? Olisimmeko viel\u00e4kin ilman evankeliumia t\u00e4\u00e4ll\u00e4 Suomessa? Ehk\u00e4 olisimme. Ehk\u00e4 joku muu olisi my\u00f6hemmin tarttunut teht\u00e4v\u00e4\u00e4n. Mutta kiitos Jumalalle, ett\u00e4 alkuseurakunta tarttui t\u00e4h\u00e4n teht\u00e4v\u00e4\u00e4n, siit\u00e4kin huolimatta, ett\u00e4 se aiheutti sis\u00e4isi\u00e4 kiistoja seurakunnassa! N\u00e4in evankeliumi l\u00e4hti levi\u00e4m\u00e4\u00e4n sek\u00e4 uusille aluille, ett\u00e4 uusille kansoille.<\/p>\n<h1>Kolmas asia: Toimintatapaamme pit\u00e4\u00e4 ohjata Pyh\u00e4 Henki, ei meid\u00e4n omat mieltymyksemme<\/h1>\n<p style=\"font-weight: 400;\">&#8217; Jeesus vastasi: \u201dTotisesti, totisesti min\u00e4 sanon sinulle: jos joku ei synny vedest\u00e4 ja Hengest\u00e4, h\u00e4n ei voi p\u00e4\u00e4st\u00e4 sis\u00e4lle Jumalan valtakuntaan. Mik\u00e4 lihasta on syntynyt, on liha, ja mik\u00e4 Hengest\u00e4 on syntynyt, on henki. \u00c4l\u00e4 ihmettele, ett\u00e4 min\u00e4 sanoin sinulle: teid\u00e4n t\u00e4ytyy synty\u00e4 uudesti, ylh\u00e4\u00e4lt\u00e4. Tuuli puhaltaa, miss\u00e4 tahtoo, ja sin\u00e4 kuulet sen huminan mutta et tied\u00e4, mist\u00e4 se tulee ja minne se menee. N\u00e4in on jokaisen Hengest\u00e4 syntyneen laita.\u201d&#8217; -Johannes 3:5-8<\/p>\n<p style=\"font-weight: 400;\">&#8217; Min\u00e4 en ole tullut taivaasta toteuttamaan omaa tahtoani vaan l\u00e4hett\u00e4j\u00e4ni tahdon. L\u00e4hett\u00e4j\u00e4ni tahto on, etten kadota yht\u00e4k\u00e4\u00e4n niist\u00e4, jotka h\u00e4n on minulle antanut, vaan her\u00e4t\u00e4n heid\u00e4t viimeisen\u00e4 p\u00e4iv\u00e4n\u00e4. Minun Is\u00e4ni tahto on, ett\u00e4 jokaisella, joka n\u00e4kee Pojan ja uskoo h\u00e4neen, on iankaikkinen el\u00e4m\u00e4. Ja min\u00e4 her\u00e4t\u00e4n h\u00e4net viimeisen\u00e4 p\u00e4iv\u00e4n\u00e4.\u201d&#8217; -Johannes 6:38-40<\/p>\n<p style=\"font-weight: 400;\">Jeesus ei t\u00e4\u00e4ll\u00e4 maanp\u00e4\u00e4ll\u00e4 ollessaan tehnyt omaa tahtoansa, vaan taivaallisen Is\u00e4ns\u00e4 tahdon. Samoin meid\u00e4nkin tulee el\u00e4\u00e4 Pyh\u00e4n Hengen johdatuksessa, niin ett\u00e4 voimme kuulla mik\u00e4 on Jumalan tahto ja toimia sen mukaan. Ei meid\u00e4n ole tarkoitus tehd\u00e4 asioita seurakunnassa sen mukaan mik\u00e4 meit\u00e4 itse\u00e4mme miellytt\u00e4\u00e4. T\u00e4m\u00e4 koskee kaikkea toimintaa. Sit\u00e4 miten kohtelemme toisiamme. Sit\u00e4 mit\u00e4 puhumme toisillemme, olipa kyse julkisesta puhteesta tai kahdenkeskeisest\u00e4 keskustelusta. Olipa kyse siit\u00e4 laulammeko tai emme tai mit\u00e4 lauluja laulamme ja kuinka paljon? Pit\u00e4\u00e4k\u00f6 seurakunnassa olla hiiren hiljaista, vai saako siell\u00e4 kuulua v\u00e4h\u00e4n el\u00e4m\u00e4n \u00e4\u00e4ni\u00e4? Tai mik\u00e4 tahansa muukin asia. Henki usein johdattaa meid\u00e4t pois siit\u00e4 mik\u00e4 olisi meille mukavaa ja kotoisaa, siihen mik\u00e4 auttaa uusien ihmisten uskoontuloa ja heid\u00e4n kasvuaan uskossa.<\/p>\n<p style=\"font-weight: 400;\">Kysynp\u00e4 nyt teilt\u00e4 mik\u00e4 on se suunta mihin Pyh\u00e4 Henki meit\u00e4 johdattaa? Takaisin menneeseen aikaan? Eik\u00f6 se ollut se, mit\u00e4 Israelin kansa haikaili, kun se toivoi olevansa viel\u00e4 Egyptiss\u00e4? Mutta halusiko Jumala sit\u00e4? Eik\u00f6 juuri Jumala johdattanut heid\u00e4t pois sielt\u00e4, vaikka he olisivat sinne niin mielell\u00e4\u00e4n j\u00e4\u00e4neet? Ei meid\u00e4n kuulu palata menneeseen! Meid\u00e4n pit\u00e4\u00e4 etsi\u00e4 sit\u00e4, mit\u00e4 Jumala haluaa meid\u00e4n tekev\u00e4n juuri nyt! Ja min\u00e4 uskon, ett\u00e4 se on tarttumista siihen, mit\u00e4 h\u00e4n tekee nuorten ja lasten el\u00e4m\u00e4ss\u00e4 juuri nyt. Jumala on her\u00e4tt\u00e4nyt nuoren sukupolven etsim\u00e4\u00e4n itsens\u00e4. Erityisesti nuoret pojat, mutta my\u00f6s tyt\u00f6t ovat kiinnostuneempia Jeesuksesta kuin aiemmat sukupolvet. Suunta on k\u00e4\u00e4ntynyt nuorten el\u00e4m\u00e4ss\u00e4! Ja se tarkoittaa, ett\u00e4 meid\u00e4n on tartuttava siihen mahdollisuuteen.<\/p>\n<p style=\"font-weight: 400;\">Laulettava vaikka Jippii lauluja, jos se auttaa heid\u00e4n tavoittamistaan ja integoitumistaan osaksi seurakuntaa. Ja min\u00e4 voin kertoa teille, minulla ei ole mit\u00e4\u00e4n henkil\u00f6kohtaista mieltymyst\u00e4 niihin lauluihin. Min\u00e4 kuuntelen kotona ihan toisenlaista musiikkia, yleens\u00e4 viel\u00e4p\u00e4 muunkielist\u00e4 kuin suomalaista tai joskus sellaista miss\u00e4 ei ole sanoja ollenkaan (jazzia). Ei kysymys ole nyt siit\u00e4, ett\u00e4 pit\u00e4isi laulaa sellaisia lauluja, mist\u00e4 min\u00e4 henkil\u00f6kohtaisesti tykk\u00e4\u00e4n, min\u00e4 voin kuunnella niit\u00e4 muulla ajalla ihan riitt\u00e4v\u00e4sti. Kyse on siit\u00e4, ett\u00e4 Hengess\u00e4 koen, ett\u00e4 meid\u00e4n seurakuntamme tarvitsee juuri nyt n\u00e4it\u00e4 lauluja. Ei niiss\u00e4 vanhoissa lauluissa mit\u00e4\u00e4n pahaa ole, mutta ne eiv\u00e4t yksin riit\u00e4. Ne tarvitsevat rinnalleen my\u00f6s uudempaa musiikkia, joka puhuttelee paremmin nuorta sukupolvea. Meid\u00e4n pit\u00e4\u00e4 ottaa lapset ja nuoret paremmin huomioon yhteisiss\u00e4 jumalanpalveluksissa. Me emme voi tehd\u00e4 t\u00e4t\u00e4 vain aikuisia varten, t\u00e4m\u00e4 on koko perheen yhteinen juhla. Enk\u00e4 puhu pelk\u00e4st\u00e4\u00e4n musiikista, vaan kaikesta muutakin, otin sen vain yhdeksi esimerkiksi. Me tarvitsemme sellaista toimintaa, joka tavoittaa niit\u00e4, jotka eiv\u00e4t usko. Lapsia, nuoria, keski-ik\u00e4isi\u00e4 ja vanhoja. My\u00f6s muista kansoista t\u00e4nne tulleita ihmisi\u00e4. Miehi\u00e4 ja naisia. Kaikenlaisia ihmisi\u00e4, koska Jumala kutsu kaikkia ihmisi\u00e4 h\u00e4nen tuntemiseensa.<\/p>\n<p style=\"font-weight: 400;\">Tietenk\u00e4\u00e4n kaikkea ei tarvitse jatkossakaan muuttaa. Esimerkiksi n\u00e4m\u00e4 ehtoolliskokoukset voivat jatkua entiseen malliin. Se palvelee aika hyvin nykyisi\u00e4 seurakuntalaisia ja hyv\u00e4 niin. On hyv\u00e4 s\u00e4ilytt\u00e4\u00e4 jotakin tuttua ja turvallista. Min\u00e4 omalta puoleltani lupaan, ett\u00e4 se on t\u00e4m\u00e4 tilaisuus. Mutta kaikki muu on sitten vaarassa muuttua. Ei muutoksen itsens\u00e4 t\u00e4hden, vaan siksi, ett\u00e4 voisimme tavoittaa paremmin uusia ihmisi\u00e4. Kes\u00e4n ulkoilmatilaisuudet ovat olleet jotain uutta ja virkist\u00e4v\u00e4\u00e4 t\u00e4ll\u00e4 saralla. Niiden kautta saimme tavoittaa sellaisia ihmisi\u00e4, jotka eiv\u00e4t Eelimille tule. Mutta emme voi j\u00e4\u00e4d\u00e4 odottamaan vain seuraavaa kes\u00e4\u00e4. Jotain tarvitsee tehd\u00e4 jo syksyn ja talven aikana. Mit\u00e4 se k\u00e4yt\u00e4nn\u00f6ss\u00e4 on, niin palataan siihen my\u00f6hemmin. T\u00e4ss\u00e4 vaiheessa kehotan meit\u00e4 todella menem\u00e4\u00e4n rukoukseen ja etsim\u00e4\u00e4n seurakunnalle niit\u00e4 k\u00e4yt\u00e4nn\u00f6n muutoksia, joita meid\u00e4n tarvitsee tehd\u00e4. Joista t\u00e4rkein on se, miten me suhtaudumme seurakunnassa vieraileviin. Otammeko heid\u00e4t avoimesti vastaan vai emme? Opetuslapset olisivat halunneet pyyt\u00e4\u00e4 tulta taivaasta samarialaisten p\u00e4\u00e4lle. Niin paljon he vihasivat samarialaisia. Mutta Jeesus ei siihen suostunut, vaan nuhteli opetuslapsia. Ja meni samarialaisten luo ja vei evankeliumin heille. Onko meill\u00e4 joku ihmisryhm\u00e4, ket\u00e4 me avoimesti tai salaa vihaamme? Pit\u00e4isik\u00f6 meid\u00e4nkin tarkastaa asenteitamme Jeesuksen mielen mukaiseksi? Ja olla valmiita viem\u00e4\u00e4n evankeliumi my\u00f6s n\u00e4ille ihmisille? Haluammeko olla hengellinen hautausmaa vai synnytyssairaala? Ja voin kertoa, ett\u00e4 synnytyssairaalassa on meteli\u00e4. Jos lapsi ei huuda heti synnytty\u00e4\u00e4n, niin silloin on joku vakavasti vialla!<\/p>\n<p style=\"font-weight: 400;\">Hyv\u00e4\u00e4 kehityst\u00e4 on jo tapahtunut t\u00e4ll\u00e4 saralla, mutta annetaan Jeesuksen edelleen muuttaa meid\u00e4n syd\u00e4nt\u00e4mme h\u00e4nen mielens\u00e4 mukaiseksi. En tarkoita, ett\u00e4 synti pit\u00e4isi hyv\u00e4ksy\u00e4, mutta ei ole meid\u00e4n teht\u00e4v\u00e4mme tuomita ihmisi\u00e4. Meid\u00e4n teht\u00e4v\u00e4mme on kertoa kaikille rakkaudesta ja my\u00f6t\u00e4tunnosta k\u00e4sin sit\u00e4 sanomaa Jeesuksesta, joka heid\u00e4t voi pelastaa. Auttaa heit\u00e4 tulemaan Jeesuksen luo, joka muuttaa heid\u00e4t yht\u00e4 lailla kuin meid\u00e4tkin. Ei ole mit\u00e4\u00e4n eroa ihmisten v\u00e4lill\u00e4, niin kuin Roomalaiskirje sanoo (3:22-24): &#8217;T\u00e4m\u00e4 Jumalan vanhurskaus tulee uskosta Jeesukseen Kristukseen kaikille, jotka uskovat. Ei t\u00e4ss\u00e4 ole mit\u00e4\u00e4n erottelua, sill\u00e4 kaikki ovat tehneet synti\u00e4 ja ovat Jumalan kirkkautta vailla mutta saavat lahjaksi vanhurskauden h\u00e4nen armostaan sen lunastuksen kautta, joka on Kristuksessa Jeesuksessa. &#8217;<\/p>\n<h2>Yhteenveto<\/h2>\n<p style=\"font-weight: 400;\">Me olemme seurakuntana sellaisessa kohdassa, ett\u00e4 on pakko l\u00e4hte\u00e4 liikkeelle, jos haluamme olla el\u00e4v\u00e4 seurakunta vied\u00e4 kymmenen vuoden p\u00e4\u00e4st\u00e4 ja pidemp\u00e4\u00e4nkin. Menneeseen ei voi palata, se aika ei koskaan palaa. On aika katsoa eteenp\u00e4in. Etsi\u00e4 rukouksessa niit\u00e4 muutoksia, mit\u00e4 me tarvitsemme, ett\u00e4 meist\u00e4 voisi todella tulla armollinen ja turvallinen perhe. Sellainen perhe, johon kaikki ovat tervetulleita ja jossa jokainen saa kohdata el\u00e4v\u00e4\u00e4 Jumalaa ik\u00e4tasoon sopivalla tavalla ja kasvaa uskossa, sek\u00e4 kokea olevansa osa Jumalan suurta perhett\u00e4. Sellainen perhe, jossa ihmisi\u00e4 tulee uskoon, menee kasteelle ja liittyy seurakunnan yhteyteen. Jumala toimii jo, ollaan mekin mukana siin\u00e4, mit\u00e4 h\u00e4n tekee<\/p>\n<p>-Teemu Turunen<\/p>\n","protected":false},"excerpt":{"rendered":"<p>Kaksi vuotta sitten tulin t\u00e4nne Kangasniemelle pit\u00e4m\u00e4\u00e4n vaalisaarnan. Min\u00e4 en silloin kovin paljon tiennyt t\u00e4m\u00e4n seurakunnan tilanteesta. Etsin kuitenkin Jumalan johdatusta sit\u00e4 saarnaa valmistellessa ja n\u00e4in j\u00e4lkeenp\u00e4in arvioiden sen sanoma &hellip; <\/p>\n<p class=\"link-more\"><a href=\"https:\/\/eelim.fi\/index.php\/2025\/08\/10\/on-lahdettava-liikkeelle\/\" class=\"more-link\">Jatka lukemista<span class=\"screen-reader-text\"> &#8221;On l\u00e4hdett\u00e4v\u00e4 liikkeelle&#8221;<\/span><\/a><\/p>\n","protected":false},"author":10,"featured_media":0,"comment_status":"closed","ping_status":"open","sticky":false,"template":"","format":"standard","meta":{"_monsterinsights_skip_tracking":false,"_monsterinsights_sitenote_active":false,"_monsterinsights_sitenote_note":"","_monsterinsights_sitenote_category":0,"footnotes":""},"categories":[1],"tags":[],"class_list":["post-3483","post","type-post","status-publish","format-standard","hentry","category-yleinen"],"yoast_head":"<!-- This site is optimized with the Yoast SEO plugin v25.9 - https:\/\/yoast.com\/wordpress\/plugins\/seo\/ -->\n<title>On l\u00e4hdett\u00e4v\u00e4 liikkeelle - Eelim<\/title>\n<meta name=\"robots\" content=\"index, follow, max-snippet:-1, max-image-preview:large, max-video-preview:-1\" \/>\n<link rel=\"canonical\" href=\"https:\/\/eelim.fi\/index.php\/2025\/08\/10\/on-lahdettava-liikkeelle\/\" \/>\n<meta property=\"og:locale\" content=\"fi_FI\" \/>\n<meta property=\"og:type\" content=\"article\" \/>\n<meta property=\"og:title\" content=\"On l\u00e4hdett\u00e4v\u00e4 liikkeelle - Eelim\" \/>\n<meta property=\"og:description\" content=\"Kaksi vuotta sitten tulin t\u00e4nne Kangasniemelle pit\u00e4m\u00e4\u00e4n vaalisaarnan. Min\u00e4 en silloin kovin paljon tiennyt t\u00e4m\u00e4n seurakunnan tilanteesta. Etsin kuitenkin Jumalan johdatusta sit\u00e4 saarnaa valmistellessa ja n\u00e4in j\u00e4lkeenp\u00e4in arvioiden sen sanoma &hellip; Jatka lukemista &quot;On l\u00e4hdett\u00e4v\u00e4 liikkeelle&quot;\" \/>\n<meta property=\"og:url\" content=\"https:\/\/eelim.fi\/index.php\/2025\/08\/10\/on-lahdettava-liikkeelle\/\" \/>\n<meta property=\"og:site_name\" content=\"Eelim\" \/>\n<meta property=\"article:published_time\" content=\"2025-08-10T11:38:36+00:00\" \/>\n<meta property=\"article:modified_time\" content=\"2025-08-10T18:29:21+00:00\" \/>\n<meta name=\"author\" content=\"Teemu Turunen\" \/>\n<meta name=\"twitter:card\" content=\"summary_large_image\" \/>\n<meta name=\"twitter:label1\" content=\"Kirjoittanut\" \/>\n\t<meta name=\"twitter:data1\" content=\"Teemu Turunen\" \/>\n\t<meta name=\"twitter:label2\" content=\"Arvioitu lukuaika\" \/>\n\t<meta name=\"twitter:data2\" content=\"14 minuuttia\" \/>\n<script type=\"application\/ld+json\" class=\"yoast-schema-graph\">{\"@context\":\"https:\/\/schema.org\",\"@graph\":[{\"@type\":\"WebPage\",\"@id\":\"https:\/\/eelim.fi\/index.php\/2025\/08\/10\/on-lahdettava-liikkeelle\/\",\"url\":\"https:\/\/eelim.fi\/index.php\/2025\/08\/10\/on-lahdettava-liikkeelle\/\",\"name\":\"On l\u00e4hdett\u00e4v\u00e4 liikkeelle - Eelim\",\"isPartOf\":{\"@id\":\"https:\/\/eelim.fi\/#website\"},\"datePublished\":\"2025-08-10T11:38:36+00:00\",\"dateModified\":\"2025-08-10T18:29:21+00:00\",\"author\":{\"@id\":\"https:\/\/eelim.fi\/#\/schema\/person\/2909883e3c987be58a0fe88bfd303712\"},\"breadcrumb\":{\"@id\":\"https:\/\/eelim.fi\/index.php\/2025\/08\/10\/on-lahdettava-liikkeelle\/#breadcrumb\"},\"inLanguage\":\"fi\",\"potentialAction\":[{\"@type\":\"ReadAction\",\"target\":[\"https:\/\/eelim.fi\/index.php\/2025\/08\/10\/on-lahdettava-liikkeelle\/\"]}]},{\"@type\":\"BreadcrumbList\",\"@id\":\"https:\/\/eelim.fi\/index.php\/2025\/08\/10\/on-lahdettava-liikkeelle\/#breadcrumb\",\"itemListElement\":[{\"@type\":\"ListItem\",\"position\":1,\"name\":\"Home\",\"item\":\"https:\/\/eelim.fi\/\"},{\"@type\":\"ListItem\",\"position\":2,\"name\":\"On l\u00e4hdett\u00e4v\u00e4 liikkeelle\"}]},{\"@type\":\"WebSite\",\"@id\":\"https:\/\/eelim.fi\/#website\",\"url\":\"https:\/\/eelim.fi\/\",\"name\":\"Eelim\",\"description\":\"Kangasniemen helluntaiseurakunta\",\"potentialAction\":[{\"@type\":\"SearchAction\",\"target\":{\"@type\":\"EntryPoint\",\"urlTemplate\":\"https:\/\/eelim.fi\/?s={search_term_string}\"},\"query-input\":{\"@type\":\"PropertyValueSpecification\",\"valueRequired\":true,\"valueName\":\"search_term_string\"}}],\"inLanguage\":\"fi\"},{\"@type\":\"Person\",\"@id\":\"https:\/\/eelim.fi\/#\/schema\/person\/2909883e3c987be58a0fe88bfd303712\",\"name\":\"Teemu Turunen\",\"image\":{\"@type\":\"ImageObject\",\"inLanguage\":\"fi\",\"@id\":\"https:\/\/eelim.fi\/#\/schema\/person\/image\/\",\"url\":\"https:\/\/secure.gravatar.com\/avatar\/0df996005cdbe2739b5ef6678123d0cfacf74f390901e58dbbb64952219f6fe0?s=96&d=mm&r=g\",\"contentUrl\":\"https:\/\/secure.gravatar.com\/avatar\/0df996005cdbe2739b5ef6678123d0cfacf74f390901e58dbbb64952219f6fe0?s=96&d=mm&r=g\",\"caption\":\"Teemu Turunen\"},\"url\":\"https:\/\/eelim.fi\/index.php\/author\/teemuturunen\/\"}]}<\/script>\n<!-- \/ Yoast SEO plugin. -->","yoast_head_json":{"title":"On l\u00e4hdett\u00e4v\u00e4 liikkeelle - Eelim","robots":{"index":"index","follow":"follow","max-snippet":"max-snippet:-1","max-image-preview":"max-image-preview:large","max-video-preview":"max-video-preview:-1"},"canonical":"https:\/\/eelim.fi\/index.php\/2025\/08\/10\/on-lahdettava-liikkeelle\/","og_locale":"fi_FI","og_type":"article","og_title":"On l\u00e4hdett\u00e4v\u00e4 liikkeelle - Eelim","og_description":"Kaksi vuotta sitten tulin t\u00e4nne Kangasniemelle pit\u00e4m\u00e4\u00e4n vaalisaarnan. Min\u00e4 en silloin kovin paljon tiennyt t\u00e4m\u00e4n seurakunnan tilanteesta. Etsin kuitenkin Jumalan johdatusta sit\u00e4 saarnaa valmistellessa ja n\u00e4in j\u00e4lkeenp\u00e4in arvioiden sen sanoma &hellip; Jatka lukemista \"On l\u00e4hdett\u00e4v\u00e4 liikkeelle\"","og_url":"https:\/\/eelim.fi\/index.php\/2025\/08\/10\/on-lahdettava-liikkeelle\/","og_site_name":"Eelim","article_published_time":"2025-08-10T11:38:36+00:00","article_modified_time":"2025-08-10T18:29:21+00:00","author":"Teemu Turunen","twitter_card":"summary_large_image","twitter_misc":{"Kirjoittanut":"Teemu Turunen","Arvioitu lukuaika":"14 minuuttia"},"schema":{"@context":"https:\/\/schema.org","@graph":[{"@type":"WebPage","@id":"https:\/\/eelim.fi\/index.php\/2025\/08\/10\/on-lahdettava-liikkeelle\/","url":"https:\/\/eelim.fi\/index.php\/2025\/08\/10\/on-lahdettava-liikkeelle\/","name":"On l\u00e4hdett\u00e4v\u00e4 liikkeelle - Eelim","isPartOf":{"@id":"https:\/\/eelim.fi\/#website"},"datePublished":"2025-08-10T11:38:36+00:00","dateModified":"2025-08-10T18:29:21+00:00","author":{"@id":"https:\/\/eelim.fi\/#\/schema\/person\/2909883e3c987be58a0fe88bfd303712"},"breadcrumb":{"@id":"https:\/\/eelim.fi\/index.php\/2025\/08\/10\/on-lahdettava-liikkeelle\/#breadcrumb"},"inLanguage":"fi","potentialAction":[{"@type":"ReadAction","target":["https:\/\/eelim.fi\/index.php\/2025\/08\/10\/on-lahdettava-liikkeelle\/"]}]},{"@type":"BreadcrumbList","@id":"https:\/\/eelim.fi\/index.php\/2025\/08\/10\/on-lahdettava-liikkeelle\/#breadcrumb","itemListElement":[{"@type":"ListItem","position":1,"name":"Home","item":"https:\/\/eelim.fi\/"},{"@type":"ListItem","position":2,"name":"On l\u00e4hdett\u00e4v\u00e4 liikkeelle"}]},{"@type":"WebSite","@id":"https:\/\/eelim.fi\/#website","url":"https:\/\/eelim.fi\/","name":"Eelim","description":"Kangasniemen helluntaiseurakunta","potentialAction":[{"@type":"SearchAction","target":{"@type":"EntryPoint","urlTemplate":"https:\/\/eelim.fi\/?s={search_term_string}"},"query-input":{"@type":"PropertyValueSpecification","valueRequired":true,"valueName":"search_term_string"}}],"inLanguage":"fi"},{"@type":"Person","@id":"https:\/\/eelim.fi\/#\/schema\/person\/2909883e3c987be58a0fe88bfd303712","name":"Teemu Turunen","image":{"@type":"ImageObject","inLanguage":"fi","@id":"https:\/\/eelim.fi\/#\/schema\/person\/image\/","url":"https:\/\/secure.gravatar.com\/avatar\/0df996005cdbe2739b5ef6678123d0cfacf74f390901e58dbbb64952219f6fe0?s=96&d=mm&r=g","contentUrl":"https:\/\/secure.gravatar.com\/avatar\/0df996005cdbe2739b5ef6678123d0cfacf74f390901e58dbbb64952219f6fe0?s=96&d=mm&r=g","caption":"Teemu Turunen"},"url":"https:\/\/eelim.fi\/index.php\/author\/teemuturunen\/"}]}},"_links":{"self":[{"href":"https:\/\/eelim.fi\/index.php\/wp-json\/wp\/v2\/posts\/3483","targetHints":{"allow":["GET"]}}],"collection":[{"href":"https:\/\/eelim.fi\/index.php\/wp-json\/wp\/v2\/posts"}],"about":[{"href":"https:\/\/eelim.fi\/index.php\/wp-json\/wp\/v2\/types\/post"}],"author":[{"embeddable":true,"href":"https:\/\/eelim.fi\/index.php\/wp-json\/wp\/v2\/users\/10"}],"replies":[{"embeddable":true,"href":"https:\/\/eelim.fi\/index.php\/wp-json\/wp\/v2\/comments?post=3483"}],"version-history":[{"count":3,"href":"https:\/\/eelim.fi\/index.php\/wp-json\/wp\/v2\/posts\/3483\/revisions"}],"predecessor-version":[{"id":3486,"href":"https:\/\/eelim.fi\/index.php\/wp-json\/wp\/v2\/posts\/3483\/revisions\/3486"}],"wp:attachment":[{"href":"https:\/\/eelim.fi\/index.php\/wp-json\/wp\/v2\/media?parent=3483"}],"wp:term":[{"taxonomy":"category","embeddable":true,"href":"https:\/\/eelim.fi\/index.php\/wp-json\/wp\/v2\/categories?post=3483"},{"taxonomy":"post_tag","embeddable":true,"href":"https:\/\/eelim.fi\/index.php\/wp-json\/wp\/v2\/tags?post=3483"}],"curies":[{"name":"wp","href":"https:\/\/api.w.org\/{rel}","templated":true}]}}