{"id":1669,"date":"2020-12-09T09:30:05","date_gmt":"2020-12-09T07:30:05","guid":{"rendered":"https:\/\/eelim.fi\/?p=1669"},"modified":"2020-12-09T09:30:05","modified_gmt":"2020-12-09T07:30:05","slug":"poikkeusaikana-merkitysta-etsimassa","status":"publish","type":"post","link":"https:\/\/eelim.fi\/index.php\/2020\/12\/09\/poikkeusaikana-merkitysta-etsimassa\/","title":{"rendered":"Poikkeusaikana merkityst\u00e4 etsim\u00e4ss\u00e4"},"content":{"rendered":"<p>Viimeiset viikot ja kuukaudet ovat pys\u00e4ytt\u00e4neet minut pohtimaan identiteetti\u00e4 ja suhdettani johdatukseen sek\u00e4 kutsumukseen. Henkil\u00f6kohtaisessa el\u00e4m\u00e4ss\u00e4 on tapahtunut isoja muutoksia, jotka ovat saaneet pienen tyt\u00f6n ihmettelem\u00e4\u00e4n el\u00e4m\u00e4n menoa, eik\u00e4 ihmettely\u00e4 v\u00e4henn\u00e4 se, ett\u00e4 maailma ymp\u00e4rill\u00e4mme muuttuu jatkuvasti. Yh\u00e4 uudestaan joudun ja joudumme pys\u00e4htym\u00e4\u00e4n muistamaan oman ihmisen pienuutemme Kaikkivaltiaan Jumalan edess\u00e4.<\/p>\n<p>Kun suunnitelmat eiv\u00e4t ole menneet aivan niin kuin alun perin suunnitteli, on mielen vallannut usein syv\u00e4 eksistentiaalinen olemassaolon kriisi ja sis\u00e4inen tyhjyys. Yht\u00e4kki\u00e4 ei en\u00e4\u00e4 tied\u00e4k\u00e4\u00e4n, minne pit\u00e4isi kulkea, mik\u00e4 on el\u00e4m\u00e4ni tarkoitus ja suunta tai mik\u00e4 koko t\u00e4m\u00e4n el\u00e4m\u00e4n idea on. Mik\u00e4 merkitys on t\u00e4ll\u00e4 ajalla? Vaikka kaikki olisi hyvin ja onnea kuplisi ilon kyyneliin saakka, voi silti syv\u00e4ll\u00e4 sis\u00e4ll\u00e4 yksin ollessa kokea valtavaa tyhjyytt\u00e4.<\/p>\n<p>Viimeisten p\u00e4ivien aikana minua on lohduttanut Raamatun sanassa Saarnaajan kirja. Salomon tekstit ovat muistuttaneet el\u00e4m\u00e4n t\u00e4rkeysj\u00e4rjestyksest\u00e4 ja asenteesta, jossa hyvist\u00e4kin aikomuksista ja Jumalan tahdon etsimisest\u00e4kin voi synty\u00e4 tyhjyytt\u00e4, jos ei etsi ensisijaisesti Jumalaa ja k\u00e4yt\u00e4 aikaansa puhtaasti H\u00e4neen. Samalla Salomon tekstit ovat muistuttaneet Jumalan ajasta ja Jumalan kaikkivaltiudesta; jokaisella ajalla on tarkoituksensa ja jokaiseen el\u00e4m\u00e4n toimintaan liittyy oma aikansa. Nyt on ollut aika pys\u00e4hty\u00e4, etsi\u00e4 suuntaa ja Jumalaa. Nyt on aika palvella Suomessa ja Kangasniemell\u00e4 ja opetella toimimaan kutsumuksessaan siell\u00e4 miss\u00e4 on.<\/p>\n<p>N\u00e4in joulunaikaan ja vuoden vaihtuessa on erityisen hyv\u00e4\u00e4 aikaa pys\u00e4hty\u00e4 pohtimaan oman el\u00e4m\u00e4n merkityst\u00e4 ja suhdetta Jeesukseen. Jo 2000 vuotta sitten ihmiset ihmetteliv\u00e4t miten Jumala toimi eri tavalla kuin he odottivat. Messias ei saapunut maailmaan hienona kuninkaana vaan h\u00e4n syntyi avuttomana lapsena vaatimattomiin ja haastaviin olosuhteisiin k\u00f6yh\u00e4\u00e4n perheeseen. H\u00e4n ei my\u00f6sk\u00e4\u00e4n muuttanut maailmaa hetkess\u00e4 vaan eli ihmisen\u00e4 ihmisen el\u00e4m\u00e4n maan p\u00e4\u00e4ll\u00e4 eik\u00e4 se tuonut automaattista ja koko maailman muuttavaa rauhaa. P\u00e4invastoin, Jeesuksen toiminta lis\u00e4si my\u00f6s levottomuutta ja vastustusta.<\/p>\n<p>Korona-aikaan meill\u00e4 voi olla nyt jopa parempi tilaisuus p\u00e4\u00e4st\u00e4 alkuper\u00e4isen seimen juureen ja pys\u00e4htym\u00e4\u00e4n todella Joulun Sanoman ja Jeesuksen \u00e4\u00e4relle. Betlehemiss\u00e4 elettiin poikkeusoloissa yli kaksituhatta vuotta sitten, mutta silti Jumala sai tulla ihmisten keskelle. Me el\u00e4mme nyt poikkeusoloissa, mutta silti Jeesus voi synty\u00e4 syd\u00e4miimme my\u00f6s t\u00e4n\u00e4 jouluna.<\/p>\n<p>\u201dKaikella on m\u00e4\u00e4r\u00e4aikansa. Jokaisella asialla on aikansa Taivaan alla\u201d Saarn. 3.1. T\u00e4ll\u00e4 joululla on oma aikansa. T\u00e4ll\u00e4 korona-ajalla on oma merkityksens\u00e4 t\u00e4ss\u00e4 hetkess\u00e4. Voisimmeko me ajatella sen olevan mahdollisuus pys\u00e4htymiseen ja todellisen el\u00e4m\u00e4n merkityksen l\u00f6yt\u00e4miseen?<\/p>\n<p>Runsasta siunausta joulunaikaasi!<\/p>\n<p>Eveliina Hokkanen, Kangasniemen helluntaiseurakunnan seurakuntaharjoittelija<\/p>\n","protected":false},"excerpt":{"rendered":"<p>Viimeiset viikot ja kuukaudet ovat pys\u00e4ytt\u00e4neet minut pohtimaan identiteetti\u00e4 ja suhdettani johdatukseen sek\u00e4 kutsumukseen. Henkil\u00f6kohtaisessa el\u00e4m\u00e4ss\u00e4 on tapahtunut isoja muutoksia, jotka ovat saaneet pienen tyt\u00f6n ihmettelem\u00e4\u00e4n el\u00e4m\u00e4n menoa, eik\u00e4 ihmettely\u00e4 &hellip; <\/p>\n<p class=\"link-more\"><a href=\"https:\/\/eelim.fi\/index.php\/2020\/12\/09\/poikkeusaikana-merkitysta-etsimassa\/\" class=\"more-link\">Jatka lukemista<span class=\"screen-reader-text\"> &#8221;Poikkeusaikana merkityst\u00e4 etsim\u00e4ss\u00e4&#8221;<\/span><\/a><\/p>\n","protected":false},"author":7,"featured_media":1659,"comment_status":"closed","ping_status":"open","sticky":false,"template":"","format":"standard","meta":{"_monsterinsights_skip_tracking":false,"_monsterinsights_sitenote_active":false,"_monsterinsights_sitenote_note":"","_monsterinsights_sitenote_category":0,"footnotes":""},"categories":[1],"tags":[10,11,12],"class_list":["post-1669","post","type-post","status-publish","format-standard","has-post-thumbnail","hentry","category-yleinen","tag-elamantarkoitus","tag-joulu","tag-joulunsanoma"],"yoast_head":"<!-- This site is optimized with the Yoast SEO plugin v25.9 - https:\/\/yoast.com\/wordpress\/plugins\/seo\/ -->\n<title>Poikkeusaikana merkityst\u00e4 etsim\u00e4ss\u00e4 - Eelim<\/title>\n<meta name=\"description\" content=\"El\u00e4m\u00e4nmerkityksest\u00e4 ja joulunsanomasta poikkeusellisen korona ajan keskell\u00e4. Kuinka voimme l\u00f6yt\u00e4\u00e4 lohdun ja toivon joulun sanomasta?\" \/>\n<meta name=\"robots\" content=\"index, follow, max-snippet:-1, max-image-preview:large, max-video-preview:-1\" \/>\n<link rel=\"canonical\" href=\"https:\/\/eelim.fi\/index.php\/2020\/12\/09\/poikkeusaikana-merkitysta-etsimassa\/\" \/>\n<meta property=\"og:locale\" content=\"fi_FI\" \/>\n<meta property=\"og:type\" content=\"article\" \/>\n<meta property=\"og:title\" content=\"Poikkeusaikana merkityst\u00e4 etsim\u00e4ss\u00e4 - Eelim\" \/>\n<meta property=\"og:description\" content=\"El\u00e4m\u00e4nmerkityksest\u00e4 ja joulunsanomasta poikkeusellisen korona ajan keskell\u00e4. Kuinka voimme l\u00f6yt\u00e4\u00e4 lohdun ja toivon joulun sanomasta?\" \/>\n<meta property=\"og:url\" content=\"https:\/\/eelim.fi\/index.php\/2020\/12\/09\/poikkeusaikana-merkitysta-etsimassa\/\" \/>\n<meta property=\"og:site_name\" content=\"Eelim\" \/>\n<meta property=\"article:published_time\" content=\"2020-12-09T07:30:05+00:00\" \/>\n<meta property=\"og:image\" content=\"https:\/\/eelim.fi\/wp-content\/uploads\/2020\/12\/DSC04626-scaled.jpg\" \/>\n\t<meta property=\"og:image:width\" content=\"2560\" \/>\n\t<meta property=\"og:image:height\" content=\"1904\" \/>\n\t<meta property=\"og:image:type\" content=\"image\/jpeg\" \/>\n<meta name=\"author\" content=\"Eero Haarala\" \/>\n<meta name=\"twitter:card\" content=\"summary_large_image\" \/>\n<meta name=\"twitter:label1\" content=\"Kirjoittanut\" \/>\n\t<meta name=\"twitter:data1\" content=\"Eero Haarala\" \/>\n\t<meta name=\"twitter:label2\" content=\"Arvioitu lukuaika\" \/>\n\t<meta name=\"twitter:data2\" content=\"2 minuuttia\" \/>\n<script type=\"application\/ld+json\" class=\"yoast-schema-graph\">{\"@context\":\"https:\/\/schema.org\",\"@graph\":[{\"@type\":\"WebPage\",\"@id\":\"https:\/\/eelim.fi\/index.php\/2020\/12\/09\/poikkeusaikana-merkitysta-etsimassa\/\",\"url\":\"https:\/\/eelim.fi\/index.php\/2020\/12\/09\/poikkeusaikana-merkitysta-etsimassa\/\",\"name\":\"Poikkeusaikana merkityst\u00e4 etsim\u00e4ss\u00e4 - Eelim\",\"isPartOf\":{\"@id\":\"https:\/\/eelim.fi\/#website\"},\"primaryImageOfPage\":{\"@id\":\"https:\/\/eelim.fi\/index.php\/2020\/12\/09\/poikkeusaikana-merkitysta-etsimassa\/#primaryimage\"},\"image\":{\"@id\":\"https:\/\/eelim.fi\/index.php\/2020\/12\/09\/poikkeusaikana-merkitysta-etsimassa\/#primaryimage\"},\"thumbnailUrl\":\"https:\/\/eelim.fi\/wp-content\/uploads\/2020\/12\/DSC04626-scaled.jpg\",\"datePublished\":\"2020-12-09T07:30:05+00:00\",\"author\":{\"@id\":\"https:\/\/eelim.fi\/#\/schema\/person\/d297c81a8a9e90b618599b6add4836d7\"},\"description\":\"El\u00e4m\u00e4nmerkityksest\u00e4 ja joulunsanomasta poikkeusellisen korona ajan keskell\u00e4. Kuinka voimme l\u00f6yt\u00e4\u00e4 lohdun ja toivon joulun sanomasta?\",\"breadcrumb\":{\"@id\":\"https:\/\/eelim.fi\/index.php\/2020\/12\/09\/poikkeusaikana-merkitysta-etsimassa\/#breadcrumb\"},\"inLanguage\":\"fi\",\"potentialAction\":[{\"@type\":\"ReadAction\",\"target\":[\"https:\/\/eelim.fi\/index.php\/2020\/12\/09\/poikkeusaikana-merkitysta-etsimassa\/\"]}]},{\"@type\":\"ImageObject\",\"inLanguage\":\"fi\",\"@id\":\"https:\/\/eelim.fi\/index.php\/2020\/12\/09\/poikkeusaikana-merkitysta-etsimassa\/#primaryimage\",\"url\":\"https:\/\/eelim.fi\/wp-content\/uploads\/2020\/12\/DSC04626-scaled.jpg\",\"contentUrl\":\"https:\/\/eelim.fi\/wp-content\/uploads\/2020\/12\/DSC04626-scaled.jpg\",\"width\":2560,\"height\":1904},{\"@type\":\"BreadcrumbList\",\"@id\":\"https:\/\/eelim.fi\/index.php\/2020\/12\/09\/poikkeusaikana-merkitysta-etsimassa\/#breadcrumb\",\"itemListElement\":[{\"@type\":\"ListItem\",\"position\":1,\"name\":\"Home\",\"item\":\"https:\/\/eelim.fi\/\"},{\"@type\":\"ListItem\",\"position\":2,\"name\":\"Poikkeusaikana merkityst\u00e4 etsim\u00e4ss\u00e4\"}]},{\"@type\":\"WebSite\",\"@id\":\"https:\/\/eelim.fi\/#website\",\"url\":\"https:\/\/eelim.fi\/\",\"name\":\"Eelim\",\"description\":\"Kangasniemen helluntaiseurakunta\",\"potentialAction\":[{\"@type\":\"SearchAction\",\"target\":{\"@type\":\"EntryPoint\",\"urlTemplate\":\"https:\/\/eelim.fi\/?s={search_term_string}\"},\"query-input\":{\"@type\":\"PropertyValueSpecification\",\"valueRequired\":true,\"valueName\":\"search_term_string\"}}],\"inLanguage\":\"fi\"},{\"@type\":\"Person\",\"@id\":\"https:\/\/eelim.fi\/#\/schema\/person\/d297c81a8a9e90b618599b6add4836d7\",\"name\":\"Eero Haarala\",\"image\":{\"@type\":\"ImageObject\",\"inLanguage\":\"fi\",\"@id\":\"https:\/\/eelim.fi\/#\/schema\/person\/image\/\",\"url\":\"https:\/\/secure.gravatar.com\/avatar\/d38ecb7bca06701dffcf1e1ffd857ee246ff8198bed123d73d5f56dc4669aed3?s=96&d=mm&r=g\",\"contentUrl\":\"https:\/\/secure.gravatar.com\/avatar\/d38ecb7bca06701dffcf1e1ffd857ee246ff8198bed123d73d5f56dc4669aed3?s=96&d=mm&r=g\",\"caption\":\"Eero Haarala\"},\"sameAs\":[\"http:\/\/eelim.fi\"],\"url\":\"https:\/\/eelim.fi\/index.php\/author\/haaralaeero\/\"}]}<\/script>\n<!-- \/ Yoast SEO plugin. -->","yoast_head_json":{"title":"Poikkeusaikana merkityst\u00e4 etsim\u00e4ss\u00e4 - Eelim","description":"El\u00e4m\u00e4nmerkityksest\u00e4 ja joulunsanomasta poikkeusellisen korona ajan keskell\u00e4. Kuinka voimme l\u00f6yt\u00e4\u00e4 lohdun ja toivon joulun sanomasta?","robots":{"index":"index","follow":"follow","max-snippet":"max-snippet:-1","max-image-preview":"max-image-preview:large","max-video-preview":"max-video-preview:-1"},"canonical":"https:\/\/eelim.fi\/index.php\/2020\/12\/09\/poikkeusaikana-merkitysta-etsimassa\/","og_locale":"fi_FI","og_type":"article","og_title":"Poikkeusaikana merkityst\u00e4 etsim\u00e4ss\u00e4 - Eelim","og_description":"El\u00e4m\u00e4nmerkityksest\u00e4 ja joulunsanomasta poikkeusellisen korona ajan keskell\u00e4. Kuinka voimme l\u00f6yt\u00e4\u00e4 lohdun ja toivon joulun sanomasta?","og_url":"https:\/\/eelim.fi\/index.php\/2020\/12\/09\/poikkeusaikana-merkitysta-etsimassa\/","og_site_name":"Eelim","article_published_time":"2020-12-09T07:30:05+00:00","og_image":[{"width":2560,"height":1904,"url":"https:\/\/eelim.fi\/wp-content\/uploads\/2020\/12\/DSC04626-scaled.jpg","type":"image\/jpeg"}],"author":"Eero Haarala","twitter_card":"summary_large_image","twitter_misc":{"Kirjoittanut":"Eero Haarala","Arvioitu lukuaika":"2 minuuttia"},"schema":{"@context":"https:\/\/schema.org","@graph":[{"@type":"WebPage","@id":"https:\/\/eelim.fi\/index.php\/2020\/12\/09\/poikkeusaikana-merkitysta-etsimassa\/","url":"https:\/\/eelim.fi\/index.php\/2020\/12\/09\/poikkeusaikana-merkitysta-etsimassa\/","name":"Poikkeusaikana merkityst\u00e4 etsim\u00e4ss\u00e4 - Eelim","isPartOf":{"@id":"https:\/\/eelim.fi\/#website"},"primaryImageOfPage":{"@id":"https:\/\/eelim.fi\/index.php\/2020\/12\/09\/poikkeusaikana-merkitysta-etsimassa\/#primaryimage"},"image":{"@id":"https:\/\/eelim.fi\/index.php\/2020\/12\/09\/poikkeusaikana-merkitysta-etsimassa\/#primaryimage"},"thumbnailUrl":"https:\/\/eelim.fi\/wp-content\/uploads\/2020\/12\/DSC04626-scaled.jpg","datePublished":"2020-12-09T07:30:05+00:00","author":{"@id":"https:\/\/eelim.fi\/#\/schema\/person\/d297c81a8a9e90b618599b6add4836d7"},"description":"El\u00e4m\u00e4nmerkityksest\u00e4 ja joulunsanomasta poikkeusellisen korona ajan keskell\u00e4. Kuinka voimme l\u00f6yt\u00e4\u00e4 lohdun ja toivon joulun sanomasta?","breadcrumb":{"@id":"https:\/\/eelim.fi\/index.php\/2020\/12\/09\/poikkeusaikana-merkitysta-etsimassa\/#breadcrumb"},"inLanguage":"fi","potentialAction":[{"@type":"ReadAction","target":["https:\/\/eelim.fi\/index.php\/2020\/12\/09\/poikkeusaikana-merkitysta-etsimassa\/"]}]},{"@type":"ImageObject","inLanguage":"fi","@id":"https:\/\/eelim.fi\/index.php\/2020\/12\/09\/poikkeusaikana-merkitysta-etsimassa\/#primaryimage","url":"https:\/\/eelim.fi\/wp-content\/uploads\/2020\/12\/DSC04626-scaled.jpg","contentUrl":"https:\/\/eelim.fi\/wp-content\/uploads\/2020\/12\/DSC04626-scaled.jpg","width":2560,"height":1904},{"@type":"BreadcrumbList","@id":"https:\/\/eelim.fi\/index.php\/2020\/12\/09\/poikkeusaikana-merkitysta-etsimassa\/#breadcrumb","itemListElement":[{"@type":"ListItem","position":1,"name":"Home","item":"https:\/\/eelim.fi\/"},{"@type":"ListItem","position":2,"name":"Poikkeusaikana merkityst\u00e4 etsim\u00e4ss\u00e4"}]},{"@type":"WebSite","@id":"https:\/\/eelim.fi\/#website","url":"https:\/\/eelim.fi\/","name":"Eelim","description":"Kangasniemen helluntaiseurakunta","potentialAction":[{"@type":"SearchAction","target":{"@type":"EntryPoint","urlTemplate":"https:\/\/eelim.fi\/?s={search_term_string}"},"query-input":{"@type":"PropertyValueSpecification","valueRequired":true,"valueName":"search_term_string"}}],"inLanguage":"fi"},{"@type":"Person","@id":"https:\/\/eelim.fi\/#\/schema\/person\/d297c81a8a9e90b618599b6add4836d7","name":"Eero Haarala","image":{"@type":"ImageObject","inLanguage":"fi","@id":"https:\/\/eelim.fi\/#\/schema\/person\/image\/","url":"https:\/\/secure.gravatar.com\/avatar\/d38ecb7bca06701dffcf1e1ffd857ee246ff8198bed123d73d5f56dc4669aed3?s=96&d=mm&r=g","contentUrl":"https:\/\/secure.gravatar.com\/avatar\/d38ecb7bca06701dffcf1e1ffd857ee246ff8198bed123d73d5f56dc4669aed3?s=96&d=mm&r=g","caption":"Eero Haarala"},"sameAs":["http:\/\/eelim.fi"],"url":"https:\/\/eelim.fi\/index.php\/author\/haaralaeero\/"}]}},"_links":{"self":[{"href":"https:\/\/eelim.fi\/index.php\/wp-json\/wp\/v2\/posts\/1669","targetHints":{"allow":["GET"]}}],"collection":[{"href":"https:\/\/eelim.fi\/index.php\/wp-json\/wp\/v2\/posts"}],"about":[{"href":"https:\/\/eelim.fi\/index.php\/wp-json\/wp\/v2\/types\/post"}],"author":[{"embeddable":true,"href":"https:\/\/eelim.fi\/index.php\/wp-json\/wp\/v2\/users\/7"}],"replies":[{"embeddable":true,"href":"https:\/\/eelim.fi\/index.php\/wp-json\/wp\/v2\/comments?post=1669"}],"version-history":[{"count":1,"href":"https:\/\/eelim.fi\/index.php\/wp-json\/wp\/v2\/posts\/1669\/revisions"}],"predecessor-version":[{"id":1672,"href":"https:\/\/eelim.fi\/index.php\/wp-json\/wp\/v2\/posts\/1669\/revisions\/1672"}],"wp:featuredmedia":[{"embeddable":true,"href":"https:\/\/eelim.fi\/index.php\/wp-json\/wp\/v2\/media\/1659"}],"wp:attachment":[{"href":"https:\/\/eelim.fi\/index.php\/wp-json\/wp\/v2\/media?parent=1669"}],"wp:term":[{"taxonomy":"category","embeddable":true,"href":"https:\/\/eelim.fi\/index.php\/wp-json\/wp\/v2\/categories?post=1669"},{"taxonomy":"post_tag","embeddable":true,"href":"https:\/\/eelim.fi\/index.php\/wp-json\/wp\/v2\/tags?post=1669"}],"curies":[{"name":"wp","href":"https:\/\/api.w.org\/{rel}","templated":true}]}}