{"id":1465,"date":"2020-06-13T12:52:18","date_gmt":"2020-06-13T09:52:18","guid":{"rendered":"https:\/\/eelim.fi\/?p=1465"},"modified":"2020-06-13T12:57:02","modified_gmt":"2020-06-13T09:57:02","slug":"paavalin-jalanjaljissa","status":"publish","type":"post","link":"https:\/\/eelim.fi\/index.php\/2020\/06\/13\/paavalin-jalanjaljissa\/","title":{"rendered":"Paavalin jalanj\u00e4ljiss\u00e4"},"content":{"rendered":"<p>Olen viimeaikoina tutustunut Paavalin ty\u00f6h\u00f6n ja el\u00e4m\u00e4\u00e4n. T\u00e4m\u00e4 seurakuntaa ja Jeesusta rakastanut mies tekee suuren vaikutuksen monella saralla. H\u00e4nen l\u00e4hetysmatkansa, seurakuntien istuttaminen ja julistusty\u00f6 ovat m\u00e4\u00e4ritt\u00e4neet koko kristillisen seurakunnan el\u00e4m\u00e4\u00e4 ja oppia. Pelk\u00e4st\u00e4\u00e4n t\u00e4m\u00e4 kaikki riitt\u00e4\u00e4 katsomaan Paavalia vaikutusvaltaisimmaksi varhaiskristillisyyden piiriss\u00e4 toimineeksi ihmiseksi.<\/p>\n<p>Paavalista piirret\u00e4\u00e4n kuva ik\u00e4\u00e4nkuin voipaperin l\u00e4pi jopa pyhimyksenomaisesti. Kuitenkin on hyv\u00e4 muistaa, ett\u00e4 Paavalilla oli tottakai vahva inhimillisyys. T\u00e4m\u00e4 inhimillinen puoli tulee voimalla esiin h\u00e4nen kirjeiss\u00e4\u00e4n.<\/p>\n<p>Toisinaan Paavali nauttii seurakuntien paimentamisesta ja opettamisesta. H\u00e4n saa olla vahvasti Jumalan k\u00e4yt\u00f6ss\u00e4 k\u00e4\u00e4ntymyksens\u00e4 yhteydess\u00e4 tulleen profetian mukaisesti. Samalla huomataan kuinka vahvasti Paavali joutui puolustamaan itse\u00e4\u00e4n niit\u00e4 vastaan, jotka yrittiv\u00e4t jopa tuhota opetuksen hedelm\u00e4n, joka Paavalin vaikutuksesta oli seurakuntiin tullut.<\/p>\n<p>T\u00e4m\u00e4 lohduttaa meit\u00e4 uskovia. Vaikka Paavali teki aika suuria ihmeit\u00e4 ja perusti useita seurakuntia, voimme todeta olevamme samassa veneess\u00e4 h\u00e4nen kanssaan. Meist\u00e4 jokainen voi olla Jumalan ty\u00f6toveri, kun annamme Jumalan ottaa meid\u00e4t siihen k\u00e4ytt\u00f6\u00f6n, johon H\u00e4n meid\u00e4t haluaa asettaa.<\/p>\n","protected":false},"excerpt":{"rendered":"<p>Olen viimeaikoina tutustunut Paavalin ty\u00f6h\u00f6n ja el\u00e4m\u00e4\u00e4n. T\u00e4m\u00e4 seurakuntaa ja Jeesusta rakastanut mies tekee suuren vaikutuksen monella saralla. H\u00e4nen l\u00e4hetysmatkansa, seurakuntien istuttaminen ja julistusty\u00f6 ovat m\u00e4\u00e4ritt\u00e4neet koko kristillisen seurakunnan el\u00e4m\u00e4\u00e4 &hellip; <\/p>\n<p class=\"link-more\"><a href=\"https:\/\/eelim.fi\/index.php\/2020\/06\/13\/paavalin-jalanjaljissa\/\" class=\"more-link\">Jatka lukemista<span class=\"screen-reader-text\"> &#8221;Paavalin jalanj\u00e4ljiss\u00e4&#8221;<\/span><\/a><\/p>\n","protected":false},"author":7,"featured_media":0,"comment_status":"closed","ping_status":"open","sticky":false,"template":"","format":"standard","meta":{"_monsterinsights_skip_tracking":false,"_monsterinsights_sitenote_active":false,"_monsterinsights_sitenote_note":"","_monsterinsights_sitenote_category":0,"footnotes":""},"categories":[1],"tags":[],"class_list":["post-1465","post","type-post","status-publish","format-standard","hentry","category-yleinen"],"yoast_head":"<!-- This site is optimized with the Yoast SEO plugin v25.9 - https:\/\/yoast.com\/wordpress\/plugins\/seo\/ -->\n<title>Paavalin jalanj\u00e4ljiss\u00e4 - Eelim<\/title>\n<meta name=\"robots\" content=\"index, follow, max-snippet:-1, max-image-preview:large, max-video-preview:-1\" \/>\n<link rel=\"canonical\" href=\"https:\/\/eelim.fi\/index.php\/2020\/06\/13\/paavalin-jalanjaljissa\/\" \/>\n<meta property=\"og:locale\" content=\"fi_FI\" \/>\n<meta property=\"og:type\" content=\"article\" \/>\n<meta property=\"og:title\" content=\"Paavalin jalanj\u00e4ljiss\u00e4 - Eelim\" \/>\n<meta property=\"og:description\" content=\"Olen viimeaikoina tutustunut Paavalin ty\u00f6h\u00f6n ja el\u00e4m\u00e4\u00e4n. T\u00e4m\u00e4 seurakuntaa ja Jeesusta rakastanut mies tekee suuren vaikutuksen monella saralla. H\u00e4nen l\u00e4hetysmatkansa, seurakuntien istuttaminen ja julistusty\u00f6 ovat m\u00e4\u00e4ritt\u00e4neet koko kristillisen seurakunnan el\u00e4m\u00e4\u00e4 &hellip; Jatka lukemista &quot;Paavalin jalanj\u00e4ljiss\u00e4&quot;\" \/>\n<meta property=\"og:url\" content=\"https:\/\/eelim.fi\/index.php\/2020\/06\/13\/paavalin-jalanjaljissa\/\" \/>\n<meta property=\"og:site_name\" content=\"Eelim\" \/>\n<meta property=\"article:published_time\" content=\"2020-06-13T09:52:18+00:00\" \/>\n<meta property=\"article:modified_time\" content=\"2020-06-13T09:57:02+00:00\" \/>\n<meta name=\"author\" content=\"Eero Haarala\" \/>\n<meta name=\"twitter:card\" content=\"summary_large_image\" \/>\n<meta name=\"twitter:label1\" content=\"Kirjoittanut\" \/>\n\t<meta name=\"twitter:data1\" content=\"Eero Haarala\" \/>\n\t<meta name=\"twitter:label2\" content=\"Arvioitu lukuaika\" \/>\n\t<meta name=\"twitter:data2\" content=\"1 minuutti\" \/>\n<script type=\"application\/ld+json\" class=\"yoast-schema-graph\">{\"@context\":\"https:\/\/schema.org\",\"@graph\":[{\"@type\":\"WebPage\",\"@id\":\"https:\/\/eelim.fi\/index.php\/2020\/06\/13\/paavalin-jalanjaljissa\/\",\"url\":\"https:\/\/eelim.fi\/index.php\/2020\/06\/13\/paavalin-jalanjaljissa\/\",\"name\":\"Paavalin jalanj\u00e4ljiss\u00e4 - Eelim\",\"isPartOf\":{\"@id\":\"https:\/\/eelim.fi\/#website\"},\"datePublished\":\"2020-06-13T09:52:18+00:00\",\"dateModified\":\"2020-06-13T09:57:02+00:00\",\"author\":{\"@id\":\"https:\/\/eelim.fi\/#\/schema\/person\/d297c81a8a9e90b618599b6add4836d7\"},\"breadcrumb\":{\"@id\":\"https:\/\/eelim.fi\/index.php\/2020\/06\/13\/paavalin-jalanjaljissa\/#breadcrumb\"},\"inLanguage\":\"fi\",\"potentialAction\":[{\"@type\":\"ReadAction\",\"target\":[\"https:\/\/eelim.fi\/index.php\/2020\/06\/13\/paavalin-jalanjaljissa\/\"]}]},{\"@type\":\"BreadcrumbList\",\"@id\":\"https:\/\/eelim.fi\/index.php\/2020\/06\/13\/paavalin-jalanjaljissa\/#breadcrumb\",\"itemListElement\":[{\"@type\":\"ListItem\",\"position\":1,\"name\":\"Home\",\"item\":\"https:\/\/eelim.fi\/\"},{\"@type\":\"ListItem\",\"position\":2,\"name\":\"Paavalin jalanj\u00e4ljiss\u00e4\"}]},{\"@type\":\"WebSite\",\"@id\":\"https:\/\/eelim.fi\/#website\",\"url\":\"https:\/\/eelim.fi\/\",\"name\":\"Eelim\",\"description\":\"Kangasniemen helluntaiseurakunta\",\"potentialAction\":[{\"@type\":\"SearchAction\",\"target\":{\"@type\":\"EntryPoint\",\"urlTemplate\":\"https:\/\/eelim.fi\/?s={search_term_string}\"},\"query-input\":{\"@type\":\"PropertyValueSpecification\",\"valueRequired\":true,\"valueName\":\"search_term_string\"}}],\"inLanguage\":\"fi\"},{\"@type\":\"Person\",\"@id\":\"https:\/\/eelim.fi\/#\/schema\/person\/d297c81a8a9e90b618599b6add4836d7\",\"name\":\"Eero Haarala\",\"image\":{\"@type\":\"ImageObject\",\"inLanguage\":\"fi\",\"@id\":\"https:\/\/eelim.fi\/#\/schema\/person\/image\/\",\"url\":\"https:\/\/secure.gravatar.com\/avatar\/d38ecb7bca06701dffcf1e1ffd857ee246ff8198bed123d73d5f56dc4669aed3?s=96&d=mm&r=g\",\"contentUrl\":\"https:\/\/secure.gravatar.com\/avatar\/d38ecb7bca06701dffcf1e1ffd857ee246ff8198bed123d73d5f56dc4669aed3?s=96&d=mm&r=g\",\"caption\":\"Eero Haarala\"},\"sameAs\":[\"http:\/\/eelim.fi\"],\"url\":\"https:\/\/eelim.fi\/index.php\/author\/haaralaeero\/\"}]}<\/script>\n<!-- \/ Yoast SEO plugin. -->","yoast_head_json":{"title":"Paavalin jalanj\u00e4ljiss\u00e4 - Eelim","robots":{"index":"index","follow":"follow","max-snippet":"max-snippet:-1","max-image-preview":"max-image-preview:large","max-video-preview":"max-video-preview:-1"},"canonical":"https:\/\/eelim.fi\/index.php\/2020\/06\/13\/paavalin-jalanjaljissa\/","og_locale":"fi_FI","og_type":"article","og_title":"Paavalin jalanj\u00e4ljiss\u00e4 - Eelim","og_description":"Olen viimeaikoina tutustunut Paavalin ty\u00f6h\u00f6n ja el\u00e4m\u00e4\u00e4n. T\u00e4m\u00e4 seurakuntaa ja Jeesusta rakastanut mies tekee suuren vaikutuksen monella saralla. H\u00e4nen l\u00e4hetysmatkansa, seurakuntien istuttaminen ja julistusty\u00f6 ovat m\u00e4\u00e4ritt\u00e4neet koko kristillisen seurakunnan el\u00e4m\u00e4\u00e4 &hellip; Jatka lukemista \"Paavalin jalanj\u00e4ljiss\u00e4\"","og_url":"https:\/\/eelim.fi\/index.php\/2020\/06\/13\/paavalin-jalanjaljissa\/","og_site_name":"Eelim","article_published_time":"2020-06-13T09:52:18+00:00","article_modified_time":"2020-06-13T09:57:02+00:00","author":"Eero Haarala","twitter_card":"summary_large_image","twitter_misc":{"Kirjoittanut":"Eero Haarala","Arvioitu lukuaika":"1 minuutti"},"schema":{"@context":"https:\/\/schema.org","@graph":[{"@type":"WebPage","@id":"https:\/\/eelim.fi\/index.php\/2020\/06\/13\/paavalin-jalanjaljissa\/","url":"https:\/\/eelim.fi\/index.php\/2020\/06\/13\/paavalin-jalanjaljissa\/","name":"Paavalin jalanj\u00e4ljiss\u00e4 - Eelim","isPartOf":{"@id":"https:\/\/eelim.fi\/#website"},"datePublished":"2020-06-13T09:52:18+00:00","dateModified":"2020-06-13T09:57:02+00:00","author":{"@id":"https:\/\/eelim.fi\/#\/schema\/person\/d297c81a8a9e90b618599b6add4836d7"},"breadcrumb":{"@id":"https:\/\/eelim.fi\/index.php\/2020\/06\/13\/paavalin-jalanjaljissa\/#breadcrumb"},"inLanguage":"fi","potentialAction":[{"@type":"ReadAction","target":["https:\/\/eelim.fi\/index.php\/2020\/06\/13\/paavalin-jalanjaljissa\/"]}]},{"@type":"BreadcrumbList","@id":"https:\/\/eelim.fi\/index.php\/2020\/06\/13\/paavalin-jalanjaljissa\/#breadcrumb","itemListElement":[{"@type":"ListItem","position":1,"name":"Home","item":"https:\/\/eelim.fi\/"},{"@type":"ListItem","position":2,"name":"Paavalin jalanj\u00e4ljiss\u00e4"}]},{"@type":"WebSite","@id":"https:\/\/eelim.fi\/#website","url":"https:\/\/eelim.fi\/","name":"Eelim","description":"Kangasniemen helluntaiseurakunta","potentialAction":[{"@type":"SearchAction","target":{"@type":"EntryPoint","urlTemplate":"https:\/\/eelim.fi\/?s={search_term_string}"},"query-input":{"@type":"PropertyValueSpecification","valueRequired":true,"valueName":"search_term_string"}}],"inLanguage":"fi"},{"@type":"Person","@id":"https:\/\/eelim.fi\/#\/schema\/person\/d297c81a8a9e90b618599b6add4836d7","name":"Eero Haarala","image":{"@type":"ImageObject","inLanguage":"fi","@id":"https:\/\/eelim.fi\/#\/schema\/person\/image\/","url":"https:\/\/secure.gravatar.com\/avatar\/d38ecb7bca06701dffcf1e1ffd857ee246ff8198bed123d73d5f56dc4669aed3?s=96&d=mm&r=g","contentUrl":"https:\/\/secure.gravatar.com\/avatar\/d38ecb7bca06701dffcf1e1ffd857ee246ff8198bed123d73d5f56dc4669aed3?s=96&d=mm&r=g","caption":"Eero Haarala"},"sameAs":["http:\/\/eelim.fi"],"url":"https:\/\/eelim.fi\/index.php\/author\/haaralaeero\/"}]}},"_links":{"self":[{"href":"https:\/\/eelim.fi\/index.php\/wp-json\/wp\/v2\/posts\/1465","targetHints":{"allow":["GET"]}}],"collection":[{"href":"https:\/\/eelim.fi\/index.php\/wp-json\/wp\/v2\/posts"}],"about":[{"href":"https:\/\/eelim.fi\/index.php\/wp-json\/wp\/v2\/types\/post"}],"author":[{"embeddable":true,"href":"https:\/\/eelim.fi\/index.php\/wp-json\/wp\/v2\/users\/7"}],"replies":[{"embeddable":true,"href":"https:\/\/eelim.fi\/index.php\/wp-json\/wp\/v2\/comments?post=1465"}],"version-history":[{"count":2,"href":"https:\/\/eelim.fi\/index.php\/wp-json\/wp\/v2\/posts\/1465\/revisions"}],"predecessor-version":[{"id":1469,"href":"https:\/\/eelim.fi\/index.php\/wp-json\/wp\/v2\/posts\/1465\/revisions\/1469"}],"wp:attachment":[{"href":"https:\/\/eelim.fi\/index.php\/wp-json\/wp\/v2\/media?parent=1465"}],"wp:term":[{"taxonomy":"category","embeddable":true,"href":"https:\/\/eelim.fi\/index.php\/wp-json\/wp\/v2\/categories?post=1465"},{"taxonomy":"post_tag","embeddable":true,"href":"https:\/\/eelim.fi\/index.php\/wp-json\/wp\/v2\/tags?post=1465"}],"curies":[{"name":"wp","href":"https:\/\/api.w.org\/{rel}","templated":true}]}}